{"id":60640,"date":"2025-10-14T17:35:40","date_gmt":"2025-10-14T20:35:40","guid":{"rendered":"https:\/\/www.aguasdejoinville.com.br\/novo\/?p=60640"},"modified":"2026-05-13T16:10:27","modified_gmt":"2026-05-13T19:10:27","slug":"prosaj","status":"publish","type":"post","link":"https:\/\/aguasdejoinville.com.br\/novo\/prosaj\/","title":{"rendered":"PROSAJ"},"content":{"rendered":"\t\t<div data-elementor-type=\"wp-post\" data-elementor-id=\"60640\" class=\"elementor elementor-60640\" data-elementor-post-type=\"post\">\n\t\t\t\t<div class=\"elementor-element elementor-element-3ee8e853 e-flex e-con-boxed e-con e-parent\" data-id=\"3ee8e853\" data-element_type=\"container\">\n\t\t\t\t\t<div class=\"e-con-inner\">\n\t\t\t\t<div class=\"elementor-element elementor-element-1b5a1a20 elementor-widget elementor-widget-text-editor\" data-id=\"1b5a1a20\" data-element_type=\"widget\" data-widget_type=\"text-editor.default\">\n\t\t\t\t\t\t\t\t\t<p><\/p>\n<p class=\"wp-block-paragraph\"><strong>JOINVILLE BEM TRATADA<\/strong><\/p>\n<p><\/p>\n<p class=\"wp-block-paragraph\">O prop\u00f3sito da Companhia \u00c1guas de Joinville (CAJ) \u00e9 tratar bem da nossa \u00e1gua para cuidar bem de Joinville. Por isso, com vistas \u00e0 universaliza\u00e7\u00e3o, foi estabelecido um pacote de obras para continuar garantindo \u00e1gua de qualidade e levar tratamento de esgoto para toda a cidade.<\/p>\n<p><\/p>\n<p class=\"wp-block-paragraph\">Atualmente, h\u00e1 frentes de trabalho em diversos bairros. O objetivo \u00e9 manter a infraestrutura do sistema de abastecimento e ampliar a cobertura de esgotamento sanit\u00e1rio para 90% at\u00e9 2033.<\/p>\n<p><\/p>\n<p class=\"wp-block-paragraph\">Dentro desse prazo, ser\u00e1 realizada uma s\u00e9rie de grandes obras, como a constru\u00e7\u00e3o de esta\u00e7\u00f5es de tratamento e instala\u00e7\u00e3o de unidades de bombeamento, planejadas para os pr\u00f3ximos anos.<\/p>\n<p><\/p>\n<p class=\"wp-block-paragraph\">De ponta a ponta \u2013 do rio que abastece ao rio que recebe o efluente tratado \u2013, a meta \u00e9 o desenvolvimento sustent\u00e1vel, com prote\u00e7\u00e3o do meio ambiente e promo\u00e7\u00e3o da qualidade de vida das pessoas.<\/p>\n<p><\/p>\t\t\t\t\t\t\t\t<\/div>\n\t\t\t\t<div class=\"elementor-element elementor-element-3b7d837 elementor-widget elementor-widget-jet-accordion\" data-id=\"3b7d837\" data-element_type=\"widget\" data-widget_type=\"jet-accordion.default\">\n\t\t\t\t<div class=\"elementor-widget-container\">\n\t\t\t\t\t\t\t\t\t<div class=\"jet-accordion\" data-settings=\"{&quot;collapsible&quot;:true,&quot;ajaxTemplate&quot;:false,&quot;switchScrolling&quot;:false,&quot;switchScrollingOffset&quot;:0,&quot;switchScrollingDelay&quot;:500}\">\n\t\t\t<div class=\"jet-accordion__inner\">\n\t\t\t\t<div class=\" jet-accordion__item jet-toggle jet-toggle-move-up-effect \">\n\t\t\t\t\t\t\t<div id=\"jet-toggle-control-6231\" class=\"jet-toggle__control elementor-menu-anchor\" data-toggle=\"1\" role=\"button\" tabindex=\"0\" aria-controls=\"jet-toggle-content-6231\" aria-expanded=\"false\" data-template-id=\"false\">\n\t\t\t\t\t\t\t\t<div class=\"jet-toggle__label-icon jet-toggle-icon-position-left\"><span class=\"jet-toggle__icon icon-normal jet-tabs-icon\"><svg class=\"e-font-icon-svg e-fas-plus\" viewBox=\"0 0 448 512\" xmlns=\"http:\/\/www.w3.org\/2000\/svg\"><path d=\"M416 208H272V64c0-17.67-14.33-32-32-32h-32c-17.67 0-32 14.33-32 32v144H32c-17.67 0-32 14.33-32 32v32c0 17.67 14.33 32 32 32h144v144c0 17.67 14.33 32 32 32h32c17.67 0 32-14.33 32-32V304h144c17.67 0 32-14.33 32-32v-32c0-17.67-14.33-32-32-32z\"><\/path><\/svg><\/span><span class=\"jet-toggle__icon icon-active jet-tabs-icon\"><svg class=\"e-font-icon-svg e-fas-minus\" viewBox=\"0 0 448 512\" xmlns=\"http:\/\/www.w3.org\/2000\/svg\"><path d=\"M416 208H32c-17.67 0-32 14.33-32 32v32c0 17.67 14.33 32 32 32h384c17.67 0 32-14.33 32-32v-32c0-17.67-14.33-32-32-32z\"><\/path><\/svg><\/span><\/div><div class=\"jet-toggle__label-text\">PROSAJ \u2013 Programa de Saneamento B\u00e1sico Sustent\u00e1vel de Joinville<\/div>\t\t\t\t\t\t\t<\/div>\n\t\t\t\t\t\t\t<div id=\"jet-toggle-content-6231\" class=\"jet-toggle__content\" data-toggle=\"1\" role=\"region\" data-template-id=\"false\">\n\t\t\t\t\t\t\t\t<div class=\"jet-toggle__content-inner\"><p>Fruto da parceria entre a CAJ e o BID (Banco Interamericano de Desenvolvimento), o\u00a0<strong>PROSAJ<\/strong>\u00a0tem como objetivo contribuir com a melhoria da sa\u00fade da popula\u00e7\u00e3o e das condi\u00e7\u00f5es ambientais de Joinville, por meio da amplia\u00e7\u00e3o do acesso aos servi\u00e7os de infraestrutura sustent\u00e1vel de \u00e1gua e esgotamento sanit\u00e1rio.<\/p>\n<p>O BID \u00e9 a principal fonte de financiamento multilateral e de conhecimentos para o desenvolvimento econ\u00f4mico, social e institucional sustent\u00e1vel na Am\u00e9rica Latina e no Caribe.<\/p>\n<p>Os recursos do grupo BID, do qual o banco faz parte, ajudam a melhorar a vida das pessoas, fornecendo solu\u00e7\u00f5es financeiras e know-how de desenvolvimento para clientes dos setores p\u00fablico e privado<\/p>\n<\/div>\n\t\t\t\t\t\t\t<\/div>\n\t\t\t\t\t\t<\/div><div class=\" jet-accordion__item jet-toggle jet-toggle-move-up-effect \">\n\t\t\t\t\t\t\t<div id=\"jet-toggle-control-6232\" class=\"jet-toggle__control elementor-menu-anchor\" data-toggle=\"2\" role=\"button\" tabindex=\"0\" aria-controls=\"jet-toggle-content-6232\" aria-expanded=\"false\" data-template-id=\"false\">\n\t\t\t\t\t\t\t\t<div class=\"jet-toggle__label-icon jet-toggle-icon-position-left\"><span class=\"jet-toggle__icon icon-normal jet-tabs-icon\"><svg class=\"e-font-icon-svg e-fas-plus\" viewBox=\"0 0 448 512\" xmlns=\"http:\/\/www.w3.org\/2000\/svg\"><path d=\"M416 208H272V64c0-17.67-14.33-32-32-32h-32c-17.67 0-32 14.33-32 32v144H32c-17.67 0-32 14.33-32 32v32c0 17.67 14.33 32 32 32h144v144c0 17.67 14.33 32 32 32h32c17.67 0 32-14.33 32-32V304h144c17.67 0 32-14.33 32-32v-32c0-17.67-14.33-32-32-32z\"><\/path><\/svg><\/span><span class=\"jet-toggle__icon icon-active jet-tabs-icon\"><svg class=\"e-font-icon-svg e-fas-minus\" viewBox=\"0 0 448 512\" xmlns=\"http:\/\/www.w3.org\/2000\/svg\"><path d=\"M416 208H32c-17.67 0-32 14.33-32 32v32c0 17.67 14.33 32 32 32h384c17.67 0 32-14.33 32-32v-32c0-17.67-14.33-32-32-32z\"><\/path><\/svg><\/span><\/div><div class=\"jet-toggle__label-text\">PROSAJ SAA (Sistema de Abastecimento de \u00c1gua) e PROSAJ SES (Sistema de Esgotamento Sanit\u00e1rio)<\/div>\t\t\t\t\t\t\t<\/div>\n\t\t\t\t\t\t\t<div id=\"jet-toggle-content-6232\" class=\"jet-toggle__content\" data-toggle=\"2\" role=\"region\" data-template-id=\"false\">\n\t\t\t\t\t\t\t\t<div class=\"jet-toggle__content-inner\"><p>O sistema de abastecimento de \u00e1gua de Joinville j\u00e1 atinge 99% da popula\u00e7\u00e3o. Mas a cidade n\u00e3o para de crescer e, por isso, a \u00c1guas de Joinville tamb\u00e9m n\u00e3o para \u2013 seja renovando redes e equipamentos j\u00e1 implantados ou planejando a constru\u00e7\u00e3o de uma nova Esta\u00e7\u00e3o de Tratamento de \u00c1gua (ETA), para garantir abastecimento cont\u00ednuo para toda a cidade. Veja abaixo as obras do SAA contempladas pelo financiamento do BID:<\/p>\n<ul>\n<li>Constru\u00e7\u00e3o do novo Sistema de Abastecimento de \u00c1gua (SAA) Pira\u00ed Sul;<\/li>\n<li>Melhorias de automa\u00e7\u00e3o e moderniza\u00e7\u00e3o na ETA Cubat\u00e3o;<\/li>\n<li>Implementa\u00e7\u00e3o de medidas de efici\u00eancia energ\u00e9tica em esta\u00e7\u00f5es elevat\u00f3rias (unidades de bombeamento) de \u00e1gua;<\/li>\n<li>Implanta\u00e7\u00e3o de 41 km de redes de abastecimento.<\/li>\n<\/ul>\n<p>O maior desafio da Companhia \u00c1guas de Joinville \u00e9 a amplia\u00e7\u00e3o da cobertura de esgotamento sanit\u00e1rio para 90% at\u00e9 2033. Com a coleta e tratamento de esgotos, o meio ambiente \u00e9 beneficiado com a despolui\u00e7\u00e3o dos rios e a sa\u00fade da popula\u00e7\u00e3o fica protegida de doen\u00e7as de veicula\u00e7\u00e3o h\u00eddrica. Confira as obras do SES (Sistema de Esgotamento Sanit\u00e1rio) que receber\u00e3o recursos do BID:<\/p>\n<ul>\n<li>Amplia\u00e7\u00e3o do complexo Jarivatuba;<\/li>\n<li>Amplia\u00e7\u00e3o da futura ETE (Esta\u00e7\u00e3o de Tratamento de Esgoto) do Vila Nova, para atender tamb\u00e9m o bairro Morro do Meio;<\/li>\n<li>Implanta\u00e7\u00e3o de 182 km de redes coletoras, que ampliar\u00e3o a cobertura de esgotamento sanit\u00e1rio na cidade em 8,3%.<\/li>\n<\/ul>\n<p>&nbsp;<\/p>\n<\/div>\n\t\t\t\t\t\t\t<\/div>\n\t\t\t\t\t\t<\/div><div class=\" jet-accordion__item jet-toggle jet-toggle-move-up-effect \">\n\t\t\t\t\t\t\t<div id=\"jet-toggle-control-6233\" class=\"jet-toggle__control elementor-menu-anchor\" data-toggle=\"3\" role=\"button\" tabindex=\"0\" aria-controls=\"jet-toggle-content-6233\" aria-expanded=\"false\" data-template-id=\"false\">\n\t\t\t\t\t\t\t\t<div class=\"jet-toggle__label-icon jet-toggle-icon-position-left\"><span class=\"jet-toggle__icon icon-normal jet-tabs-icon\"><svg class=\"e-font-icon-svg e-fas-plus\" viewBox=\"0 0 448 512\" xmlns=\"http:\/\/www.w3.org\/2000\/svg\"><path d=\"M416 208H272V64c0-17.67-14.33-32-32-32h-32c-17.67 0-32 14.33-32 32v144H32c-17.67 0-32 14.33-32 32v32c0 17.67 14.33 32 32 32h144v144c0 17.67 14.33 32 32 32h32c17.67 0 32-14.33 32-32V304h144c17.67 0 32-14.33 32-32v-32c0-17.67-14.33-32-32-32z\"><\/path><\/svg><\/span><span class=\"jet-toggle__icon icon-active jet-tabs-icon\"><svg class=\"e-font-icon-svg e-fas-minus\" viewBox=\"0 0 448 512\" xmlns=\"http:\/\/www.w3.org\/2000\/svg\"><path d=\"M416 208H32c-17.67 0-32 14.33-32 32v32c0 17.67 14.33 32 32 32h384c17.67 0 32-14.33 32-32v-32c0-17.67-14.33-32-32-32z\"><\/path><\/svg><\/span><\/div><div class=\"jet-toggle__label-text\">Avalia\u00e7\u00e3o Ambiental e Social (AAS)<\/div>\t\t\t\t\t\t\t<\/div>\n\t\t\t\t\t\t\t<div id=\"jet-toggle-content-6233\" class=\"jet-toggle__content\" data-toggle=\"3\" role=\"region\" data-template-id=\"false\">\n\t\t\t\t\t\t\t\t<div class=\"jet-toggle__content-inner\"><p>A Avalia\u00e7\u00e3o Ambiental e Social \u2013 AAS \u00e9 um documento que apresenta um diagn\u00f3stico do local das obras, com suas peculiaridades ambientais e sociais, identificando os riscos do projeto e potenciais impactos, bem como define quais programas ambientais e sociais devem ser implementados a fim de elaborar estrat\u00e9gias para evitar, minimizar e controlar tais impactos.<\/p>\n<p id=\"h-avaliacao-ambiental-e-social-aas-saa-dmc-inconfidentes\" class=\"wp-block-heading\"><a href=\"https:\/\/www.aguasdejoinville.com.br\/wp-content\/uploads\/2025\/10\/AAS_LPN_INCONFIDENTES_REV_5-grifado-assinado.pdf\" target=\"_blank\" rel=\"noreferrer noopener\">Avalia\u00e7\u00e3o Ambiental e Social (AAS) \u2013 SAA DMC Inconfidentes<\/a><\/p>\n<p class=\"wp-block-heading\"><a href=\"https:\/\/www.aguasdejoinville.com.br\/wp-content\/uploads\/2022\/06\/AAS_Implementacao_de_medidas_de_eficiencia_energetica_ETA_Cubatao.pdf\" target=\"_blank\" rel=\"noreferrer noopener\">Avalia\u00e7\u00e3o Ambiental e Social (AAS) \u2013 SAA Retrofit ETA Cubat\u00e3o<\/a><\/p>\n<p id=\"h-avaliacao-ambiental-e-social-aas-saa-estrada-anaburgo-e-jardim-iririu\" class=\"wp-block-heading\"><a href=\"https:\/\/www.aguasdejoinville.com.br\/wp-content\/uploads\/2022\/06\/AAS_PROSAJ_SAA_Anaburgo_Final_NO_BIDRed_compressed.pdf\" target=\"_blank\" rel=\"noreferrer noopener\">Avalia\u00e7\u00e3o Ambiental e Social (AAS) \u2013 SAA Estrada Anaburgo e Jardim Iriri\u00fa<\/a><\/p>\n<p id=\"h-avaliacao-ambiental-e-social-aas-saa-servicos-de-manutencao-e-regularizacao-de-ramais\" class=\"wp-block-heading\"><a href=\"https:\/\/www.aguasdejoinville.com.br\/wp-content\/uploads\/2022\/06\/AAS_PROSAJ_SAA_Servicos_Redes_Final_NO_BIDRed_compressed-1.pdf\" target=\"_blank\" rel=\"noreferrer noopener\">Avalia\u00e7\u00e3o Ambiental e Social (AAS) \u2013 SAA Servi\u00e7os de Manuten\u00e7\u00e3o e Regulariza\u00e7\u00e3o de Ramais<\/a><\/p>\n<p id=\"h-avaliacao-ambiental-e-social-aas-saa-documento-final\" class=\"wp-block-heading\"><a href=\"https:\/\/www.aguasdejoinville.com.br\/wp-content\/uploads\/2024\/07\/Avaliacao-Ambiental-e-Social-AAS-%E2%80%93-SAA-Documento-Final.pdf\" target=\"_blank\" rel=\"noreferrer noopener\">Avalia\u00e7\u00e3o Ambiental e Social (AAS) \u2013 SAA Documento Final<\/a><\/p>\n<p id=\"h-avaliacao-amb-iental-e-social-aas-ses-morro-do-meio\" class=\"wp-block-heading\"><a href=\"https:\/\/www.aguasdejoinville.com.br\/wp-content\/uploads\/2022\/06\/AAS_PROSAJ_SES_MorroMeio_Final_NO_BIDRed_compressed.pdf\" target=\"_blank\" rel=\"noreferrer noopener\"><u>Avalia\u00e7\u00e3o Amb<\/u><u>iental e Social (AAS) \u2013 SES Morro do Meio<\/u><\/a><\/p>\n<p id=\"h-avaliacao-ambiental-e-social-aas-ses-bacia-7\" class=\"wp-block-heading\"><a href=\"https:\/\/www.aguasdejoinville.com.br\/wp-content\/uploads\/2023\/05\/Anexo_1___AAS___SES___Bacia_7_pos_N.O._BID_compressed-1.pdf\" target=\"_blank\" rel=\"noreferrer noopener\"><u>Avalia\u00e7\u00e3o Ambiental e Social (AAS) \u2013 SES Bacia 7<\/u><\/a><\/p>\n<p id=\"h-avaliacao-ambiental-e-social-aas-ses-sistema-jarivatuba-bacia-8-2\" class=\"wp-block-heading\"><a href=\"https:\/\/www.aguasdejoinville.com.br\/wp-content\/uploads\/2023\/05\/Anexo_1___AAS___SES___Bacia_8.2_pos_N.O._BID_compressed.pdf\" target=\"_blank\" rel=\"noreferrer noopener\">Avalia\u00e7\u00e3o Ambiental e Social (AAS) \u2013 SES Sistema Jarivatuba \u2013 Bacia 8.2<\/a><\/p>\n<p id=\"h-avaliacao-ambiental-e-social-aas-ses-bacia-11-e-paranaguamirim\" class=\"wp-block-heading\"><a href=\"https:\/\/www.aguasdejoinville.com.br\/wp-content\/uploads\/2024\/12\/AAS_PROSAJ_SES_Bacia11_Paranag_Final.pdf\" target=\"_blank\" rel=\"noreferrer noopener\">Avalia\u00e7\u00e3o Ambiental e Social (AAS) \u2013 SES Bacia 11 e Paranaguamirim<\/a><\/p>\n<p id=\"h-avaliacao-ambiental-e-social-aas-ses-documento-final\" class=\"wp-block-heading\"><a href=\"https:\/\/www.aguasdejoinville.com.br\/wp-content\/uploads\/2024\/07\/Avaliacao-Ambiental-e-Social-AAS-%E2%80%93-SES-Documento-Final.pdf\" target=\"_blank\" rel=\"noreferrer noopener\">Avalia\u00e7\u00e3o Ambiental e Social (AAS) \u2013 SES Documento Final<\/a><\/p>\n<\/div>\n\t\t\t\t\t\t\t<\/div>\n\t\t\t\t\t\t<\/div><div class=\" jet-accordion__item jet-toggle jet-toggle-move-up-effect \">\n\t\t\t\t\t\t\t<div id=\"jet-toggle-control-6234\" class=\"jet-toggle__control elementor-menu-anchor\" data-toggle=\"4\" role=\"button\" tabindex=\"0\" aria-controls=\"jet-toggle-content-6234\" aria-expanded=\"false\" data-template-id=\"false\">\n\t\t\t\t\t\t\t\t<div class=\"jet-toggle__label-icon jet-toggle-icon-position-left\"><span class=\"jet-toggle__icon icon-normal jet-tabs-icon\"><svg class=\"e-font-icon-svg e-fas-plus\" viewBox=\"0 0 448 512\" xmlns=\"http:\/\/www.w3.org\/2000\/svg\"><path d=\"M416 208H272V64c0-17.67-14.33-32-32-32h-32c-17.67 0-32 14.33-32 32v144H32c-17.67 0-32 14.33-32 32v32c0 17.67 14.33 32 32 32h144v144c0 17.67 14.33 32 32 32h32c17.67 0 32-14.33 32-32V304h144c17.67 0 32-14.33 32-32v-32c0-17.67-14.33-32-32-32z\"><\/path><\/svg><\/span><span class=\"jet-toggle__icon icon-active jet-tabs-icon\"><svg class=\"e-font-icon-svg e-fas-minus\" viewBox=\"0 0 448 512\" xmlns=\"http:\/\/www.w3.org\/2000\/svg\"><path d=\"M416 208H32c-17.67 0-32 14.33-32 32v32c0 17.67 14.33 32 32 32h384c17.67 0 32-14.33 32-32v-32c0-17.67-14.33-32-32-32z\"><\/path><\/svg><\/span><\/div><div class=\"jet-toggle__label-text\">Plano de Gest\u00e3o Ambiental e Social (PGAS)<\/div>\t\t\t\t\t\t\t<\/div>\n\t\t\t\t\t\t\t<div id=\"jet-toggle-content-6234\" class=\"jet-toggle__content\" data-toggle=\"4\" role=\"region\" data-template-id=\"false\">\n\t\t\t\t\t\t\t\t<div class=\"jet-toggle__content-inner\"><p>O Plano de Gest\u00e3o Ambiental e Social \u2013 PGAS est\u00e1 estruturado de modo a atender todas as demandas identificadas na Avalia\u00e7\u00e3o Ambiental e Social \u2013 AAS. O PGAS abrange os cuidados e medidas de controle, de preven\u00e7\u00e3o e de corre\u00e7\u00e3o, al\u00e9m de monitoramento para mitigar ou compensar os impactos ambientais negativos identificados, bem como a potencializa\u00e7\u00e3o dos impactos positivos trazidos pelo\u00a0<strong>PROSAJ<\/strong>.<\/p>\n<p><a href=\"https:\/\/www.aguasdejoinville.com.br\/wp-content\/uploads\/2025\/10\/PLANO.AMB_00016___PGAS_Modelo.pdf\" target=\"_blank\" rel=\"noopener\">Plano de Gest\u00e3o Ambiental e Social (PGAS) \u2013 PLANO\/AMB 00016<\/a><strong><br \/>\n<\/strong>Este PGAS \u00e9 aplic\u00e1vel aos projetos SAS Moderniza\u00e7\u00e3o da ETA Pira\u00ed, Retrofit ETE Jarivatuba, SES Bacia 8.1 e 9, \u00a0SES Bacia Morro do Meio e SES Bacia 7.<\/p>\n<p><a href=\"https:\/\/www.aguasdejoinville.com.br\/wp-content\/uploads\/2024\/08\/PGAS_PROSAJ_SAA_Anaburgo_Redes_Final_NO_BIDRed.pdf\" target=\"_blank\" rel=\"noopener\">Plano de Gest\u00e3o Ambiental e Social (PGAS) \u2013 SAA Estrada Anaburgo e Jardim Iriri\u00fa<\/a><\/p>\n<p><a href=\"https:\/\/www.aguasdejoinville.com.br\/wp-content\/uploads\/2024\/08\/PGAS_PROSAJ_SAA_Servicos_Redes_Final_NO_BIDRed.pdf\" target=\"_blank\" rel=\"noopener\">Plano de Gest\u00e3o Ambiental e Social (PGAS) \u2013 SAA Servi\u00e7os de Manuten\u00e7\u00e3o e Regulariza\u00e7\u00e3o de Ramais<\/a><\/p>\n<p><a href=\"https:\/\/www.aguasdejoinville.com.br\/wp-content\/uploads\/2024\/07\/Plano-de-Gestao-Ambiental-e-Social-PGAS-\u2013-SAA-Documento-Final.pdf\" target=\"_blank\" rel=\"noopener\">Plano de Gest\u00e3o Ambiental e Social (PGAS) \u2013 SAA Documento Final<\/a><\/p>\n<p><a href=\"https:\/\/www.aguasdejoinville.com.br\/wp-content\/uploads\/2024\/08\/Anexo_2___PGAS___SES___Bacia_8.2_pos_N.O._BID.pdf\" target=\"_blank\" rel=\"noopener\">Plano de Gest\u00e3o Ambiental e Social (PGAS) \u2013 SES Sistema Jarivatuba \u2013 Bacia 8.2<\/a><\/p>\n<p><a href=\"https:\/\/www.aguasdejoinville.com.br\/wp-content\/uploads\/2024\/12\/PGAS_PROSAJ_SES_Bacia11_Paranag_Final_2.pdf\" target=\"_blank\" rel=\"noopener\">Plano de Gest\u00e3o Ambiental e Social (PGAS) \u2013 SES Bacia 11 e Paranaguamirim<\/a><\/p>\n<p><a href=\"https:\/\/www.aguasdejoinville.com.br\/wp-content\/uploads\/2024\/07\/Plano-de-Gestao-Ambiental-e-Social-PGAS-\u2013-SES-Documento-Final.pdf\" target=\"_blank\" rel=\"noopener\">Plano de Gest\u00e3o Ambiental e Social (PGAS) \u2013 SES Documento Final<\/a><\/p>\n<p><a href=\"https:\/\/www.aguasdejoinville.com.br\/wp-content\/uploads\/2024\/12\/PGAS_Retrofit_anexos_compressed.pdf\" target=\"_blank\" rel=\"noopener\">Plano de Gest\u00e3o Ambiental e Social (PGAS) \u2013 SES Retrofit ETE Jarivatuba<\/a><\/p>\n<\/div>\n\t\t\t\t\t\t\t<\/div>\n\t\t\t\t\t\t<\/div><div class=\" jet-accordion__item jet-toggle jet-toggle-move-up-effect \">\n\t\t\t\t\t\t\t<div id=\"jet-toggle-control-6235\" class=\"jet-toggle__control elementor-menu-anchor\" data-toggle=\"5\" role=\"button\" tabindex=\"0\" aria-controls=\"jet-toggle-content-6235\" aria-expanded=\"false\" data-template-id=\"false\">\n\t\t\t\t\t\t\t\t<div class=\"jet-toggle__label-icon jet-toggle-icon-position-left\"><span class=\"jet-toggle__icon icon-normal jet-tabs-icon\"><svg class=\"e-font-icon-svg e-fas-plus\" viewBox=\"0 0 448 512\" xmlns=\"http:\/\/www.w3.org\/2000\/svg\"><path d=\"M416 208H272V64c0-17.67-14.33-32-32-32h-32c-17.67 0-32 14.33-32 32v144H32c-17.67 0-32 14.33-32 32v32c0 17.67 14.33 32 32 32h144v144c0 17.67 14.33 32 32 32h32c17.67 0 32-14.33 32-32V304h144c17.67 0 32-14.33 32-32v-32c0-17.67-14.33-32-32-32z\"><\/path><\/svg><\/span><span class=\"jet-toggle__icon icon-active jet-tabs-icon\"><svg class=\"e-font-icon-svg e-fas-minus\" viewBox=\"0 0 448 512\" xmlns=\"http:\/\/www.w3.org\/2000\/svg\"><path d=\"M416 208H32c-17.67 0-32 14.33-32 32v32c0 17.67 14.33 32 32 32h384c17.67 0 32-14.33 32-32v-32c0-17.67-14.33-32-32-32z\"><\/path><\/svg><\/span><\/div><div class=\"jet-toggle__label-text\">Estudo de Dispers\u00e3o Atmosf\u00e9rica \u2013 ETE Vila Nova<\/div>\t\t\t\t\t\t\t<\/div>\n\t\t\t\t\t\t\t<div id=\"jet-toggle-content-6235\" class=\"jet-toggle__content\" data-toggle=\"5\" role=\"region\" data-template-id=\"false\">\n\t\t\t\t\t\t\t\t<div class=\"jet-toggle__content-inner\"><p id=\"h-plano-de-gestao-ambiental-e-social-pgas-saa-estrada-anaburgo-e-jardim-iririu\" class=\"wp-block-heading\"><a href=\"https:\/\/www.aguasdejoinville.com.br\/wp-content\/uploads\/2022\/06\/RT_AIR_594_24_Estudo_de_Dispersao_Atmosferica___ETE_Vila_Nova_compressed.pdf\" target=\"_blank\" rel=\"noreferrer noopener\">Estudo de Dispers\u00e3o Atmosf\u00e9rica \u2013 ETE Vila Nova<\/a><\/p>\n<p>O objetivo do Estudo de Dispers\u00e3o Atmosf\u00e9rica \u2013 EDA \u00e9 avaliar os poss\u00edveis impactos das emiss\u00f5es de Sulfeto de Hidrog\u00eanio (H2S) provenientes da opera\u00e7\u00e3o da ETE Vila Nova no entorno de suas instala\u00e7\u00f5es.<\/p>\n<\/div>\n\t\t\t\t\t\t\t<\/div>\n\t\t\t\t\t\t<\/div><div class=\" jet-accordion__item jet-toggle jet-toggle-move-up-effect \">\n\t\t\t\t\t\t\t<div id=\"jet-toggle-control-6236\" class=\"jet-toggle__control elementor-menu-anchor\" data-toggle=\"6\" role=\"button\" tabindex=\"0\" aria-controls=\"jet-toggle-content-6236\" aria-expanded=\"false\" data-template-id=\"false\">\n\t\t\t\t\t\t\t\t<div class=\"jet-toggle__label-icon jet-toggle-icon-position-left\"><span class=\"jet-toggle__icon icon-normal jet-tabs-icon\"><svg class=\"e-font-icon-svg e-fas-plus\" viewBox=\"0 0 448 512\" xmlns=\"http:\/\/www.w3.org\/2000\/svg\"><path d=\"M416 208H272V64c0-17.67-14.33-32-32-32h-32c-17.67 0-32 14.33-32 32v144H32c-17.67 0-32 14.33-32 32v32c0 17.67 14.33 32 32 32h144v144c0 17.67 14.33 32 32 32h32c17.67 0 32-14.33 32-32V304h144c17.67 0 32-14.33 32-32v-32c0-17.67-14.33-32-32-32z\"><\/path><\/svg><\/span><span class=\"jet-toggle__icon icon-active jet-tabs-icon\"><svg class=\"e-font-icon-svg e-fas-minus\" viewBox=\"0 0 448 512\" xmlns=\"http:\/\/www.w3.org\/2000\/svg\"><path d=\"M416 208H32c-17.67 0-32 14.33-32 32v32c0 17.67 14.33 32 32 32h384c17.67 0 32-14.33 32-32v-32c0-17.67-14.33-32-32-32z\"><\/path><\/svg><\/span><\/div><div class=\"jet-toggle__label-text\">Plano de Engajamento \u2013 SAA e Plano de Engajamento \u2013 SES<\/div>\t\t\t\t\t\t\t<\/div>\n\t\t\t\t\t\t\t<div id=\"jet-toggle-content-6236\" class=\"jet-toggle__content\" data-toggle=\"6\" role=\"region\" data-template-id=\"false\">\n\t\t\t\t\t\t\t\t<div class=\"jet-toggle__content-inner\"><p class=\"wp-block-heading\"><a href=\"https:\/\/www.aguasdejoinville.com.br\/wp-content\/uploads\/2022\/06\/PlanoEngajamento_PROSAJ_SAA_AptoPubPrel.pdf\" target=\"_blank\" rel=\"noreferrer noopener\">Plano de Engajamento \u2013 SAA<\/a><\/p>\n<p id=\"h-plano-de-gestao-ambiental-e-social-pgas-saa-estrada-anaburgo-e-jardim-iririu\" class=\"wp-block-heading\"><a href=\"https:\/\/www.aguasdejoinville.com.br\/wp-content\/uploads\/2022\/06\/PlanoEngajamento_PROSAJ_SES_AptoPubPrel.pdf\" target=\"_blank\" rel=\"noreferrer noopener\">Plano de Engajamento \u2013 SES<\/a><\/p>\n<p>O processo de engajamento de partes interessadas visa construir um canal de comunica\u00e7\u00e3o com o p\u00fablico diretamente ou indiretamente afetado pelas obras do\u00a0<strong>PROSAJ<\/strong>. A proposta \u00e9 apresentar os projetos da CAJ, esclarecer d\u00favidas e ouvir as pessoas.<\/p>\n<\/div>\n\t\t\t\t\t\t\t<\/div>\n\t\t\t\t\t\t<\/div><div class=\" jet-accordion__item jet-toggle jet-toggle-move-up-effect \">\n\t\t\t\t\t\t\t<div id=\"jet-toggle-control-6237\" class=\"jet-toggle__control elementor-menu-anchor\" data-toggle=\"7\" role=\"button\" tabindex=\"0\" aria-controls=\"jet-toggle-content-6237\" aria-expanded=\"false\" data-template-id=\"false\">\n\t\t\t\t\t\t\t\t<div class=\"jet-toggle__label-icon jet-toggle-icon-position-left\"><span class=\"jet-toggle__icon icon-normal jet-tabs-icon\"><svg class=\"e-font-icon-svg e-fas-plus\" viewBox=\"0 0 448 512\" xmlns=\"http:\/\/www.w3.org\/2000\/svg\"><path d=\"M416 208H272V64c0-17.67-14.33-32-32-32h-32c-17.67 0-32 14.33-32 32v144H32c-17.67 0-32 14.33-32 32v32c0 17.67 14.33 32 32 32h144v144c0 17.67 14.33 32 32 32h32c17.67 0 32-14.33 32-32V304h144c17.67 0 32-14.33 32-32v-32c0-17.67-14.33-32-32-32z\"><\/path><\/svg><\/span><span class=\"jet-toggle__icon icon-active jet-tabs-icon\"><svg class=\"e-font-icon-svg e-fas-minus\" viewBox=\"0 0 448 512\" xmlns=\"http:\/\/www.w3.org\/2000\/svg\"><path d=\"M416 208H32c-17.67 0-32 14.33-32 32v32c0 17.67 14.33 32 32 32h384c17.67 0 32-14.33 32-32v-32c0-17.67-14.33-32-32-32z\"><\/path><\/svg><\/span><\/div><div class=\"jet-toggle__label-text\">Consulta P\u00fablica  \u2013 o que \u00e9?<\/div>\t\t\t\t\t\t\t<\/div>\n\t\t\t\t\t\t\t<div id=\"jet-toggle-content-6237\" class=\"jet-toggle__content\" data-toggle=\"7\" role=\"region\" data-template-id=\"false\">\n\t\t\t\t\t\t\t\t<div class=\"jet-toggle__content-inner\"><p><a href=\"https:\/\/www.aguasdejoinville.com.br\/novo\/o-que-e-uma-consulta-publica\/\" target=\"_blank\" rel=\"noopener\"><u>Consulta P\u00fablica \u2013 o que \u00e9?<\/u><\/a><\/p>\n<p><a href=\"https:\/\/www.youtube.com\/watch?v=3BKYM2hM0ik\" target=\"_blank\" rel=\"noopener\">Consulta P\u00fablica: obras de abastecimento de \u00e1gua dos bairros Sagua\u00e7u e Bom Retiro \u2013 13\/10\/2025<\/a><\/p>\n<p><a href=\"https:\/\/youtu.be\/3JvsZlDqQUg\" target=\"_blank\" rel=\"noopener\">Consulta P\u00fablica: obras de esgotamento sanit\u00e1rio do bairro Paranaguamirim \u2013 15\/08\/2023<\/a><\/p>\n<p><a href=\"https:\/\/youtu.be\/5VFOdxeHY5E\" target=\"_blank\" rel=\"noopener\">Consulta P\u00fablica: obras de esgotamento sanit\u00e1rio do bairro Boehmerwald \u2013 09\/08\/2023<\/a><\/p>\n<p><a href=\"https:\/\/youtu.be\/WnV5S7uQGfI\" target=\"_blank\" rel=\"noopener\">Consulta P\u00fablica: obras de esgotamento sanit\u00e1rio do bairro F\u00e1tima \u2013 08\/08\/2023<\/a><\/p>\n<p><a href=\"https:\/\/youtu.be\/E7Q0PAPf96E\" target=\"_blank\" rel=\"noopener\">Consulta P\u00fablica: implanta\u00e7\u00e3o da adutora da ETA Pira\u00ed Sul \u2013 22\/06\/2022<\/a><\/p>\n<p><a href=\"https:\/\/youtu.be\/1d3gq4etthY\" target=\"_blank\" rel=\"noopener\">Consulta P\u00fablica: obras de esgotamento sanit\u00e1rio do Vila Nova e Morro do Meio \u2013 21\/06\/2022<\/a><\/p>\n<p><a href=\"https:\/\/youtu.be\/ojMzlOlrvMM\" target=\"_blank\" rel=\"noopener\">Consulta p\u00fablica: obras de esgotamento sanit\u00e1rio da Bacia 7 \u2013 bairro Floresta 20\/06\/2022<\/a><\/p>\n<\/div>\n\t\t\t\t\t\t\t<\/div>\n\t\t\t\t\t\t<\/div>\t\t\t<\/div>\n\t\t<\/div>\n\t\t\t\t\t\t<\/div>\n\t\t\t\t<\/div>\n\t\t\t\t\t<\/div>\n\t\t\t\t<\/div>\n\t\t\t\t<\/div>\n\t\t","protected":false},"excerpt":{"rendered":"<p>JOINVILLE BEM TRATADA O prop\u00f3sito da Companhia \u00c1guas de Joinville (CAJ) \u00e9 tratar bem da nossa \u00e1gua para cuidar bem de Joinville. Por isso, com vistas \u00e0 universaliza\u00e7\u00e3o, foi estabelecido um pacote de obras para continuar garantindo \u00e1gua de qualidade e levar tratamento de esgoto para toda a cidade. Atualmente, h\u00e1 frentes de trabalho em<\/p>\n","protected":false},"author":1,"featured_media":0,"comment_status":"open","ping_status":"open","sticky":false,"template":"","format":"standard","meta":{"_acf_changed":false,"footnotes":""},"categories":[86],"tags":[],"class_list":["post-60640","post","type-post","status-publish","format-standard","category-sustentabilidade"],"acf":[],"_links":{"self":[{"href":"https:\/\/aguasdejoinville.com.br\/novo\/wp-json\/wp\/v2\/posts\/60640","targetHints":{"allow":["GET"]}}],"collection":[{"href":"https:\/\/aguasdejoinville.com.br\/novo\/wp-json\/wp\/v2\/posts"}],"about":[{"href":"https:\/\/aguasdejoinville.com.br\/novo\/wp-json\/wp\/v2\/types\/post"}],"author":[{"embeddable":true,"href":"https:\/\/aguasdejoinville.com.br\/novo\/wp-json\/wp\/v2\/users\/1"}],"replies":[{"embeddable":true,"href":"https:\/\/aguasdejoinville.com.br\/novo\/wp-json\/wp\/v2\/comments?post=60640"}],"version-history":[{"count":19,"href":"https:\/\/aguasdejoinville.com.br\/novo\/wp-json\/wp\/v2\/posts\/60640\/revisions"}],"predecessor-version":[{"id":65399,"href":"https:\/\/aguasdejoinville.com.br\/novo\/wp-json\/wp\/v2\/posts\/60640\/revisions\/65399"}],"wp:attachment":[{"href":"https:\/\/aguasdejoinville.com.br\/novo\/wp-json\/wp\/v2\/media?parent=60640"}],"wp:term":[{"taxonomy":"category","embeddable":true,"href":"https:\/\/aguasdejoinville.com.br\/novo\/wp-json\/wp\/v2\/categories?post=60640"},{"taxonomy":"post_tag","embeddable":true,"href":"https:\/\/aguasdejoinville.com.br\/novo\/wp-json\/wp\/v2\/tags?post=60640"}],"curies":[{"name":"wp","href":"https:\/\/api.w.org\/{rel}","templated":true}]}}