{"id":61894,"date":"2025-11-26T16:34:34","date_gmt":"2025-11-26T19:34:34","guid":{"rendered":"https:\/\/www.aguasdejoinville.com.br\/novo\/?p=61894"},"modified":"2026-04-10T17:21:42","modified_gmt":"2026-04-10T20:21:42","slug":"conselho-fiscal-confisc","status":"publish","type":"post","link":"https:\/\/aguasdejoinville.com.br\/novo\/conselho-fiscal-confisc\/","title":{"rendered":"Conselho Fiscal (CONFISC)"},"content":{"rendered":"\t\t<div data-elementor-type=\"wp-post\" data-elementor-id=\"61894\" class=\"elementor elementor-61894\" data-elementor-post-type=\"post\">\n\t\t\t\t<div class=\"elementor-element elementor-element-f626774 e-flex e-con-boxed e-con e-parent\" data-id=\"f626774\" data-element_type=\"container\">\n\t\t\t\t\t<div class=\"e-con-inner\">\n\t\t\t\t<div class=\"elementor-element elementor-element-732dd82 elementor-widget elementor-widget-text-editor\" data-id=\"732dd82\" data-element_type=\"widget\" data-widget_type=\"text-editor.default\">\n\t\t\t\t\t\t\t\t\t<p><strong>Tempo de mandato:<\/strong>\u00a0Dois anos, sendo permitidas duas recondu\u00e7\u00f5es (de dois anos cada, totalizando at\u00e9 seis anos de mandato)<\/p><p>Data da elei\u00e7\u00e3o: 24\/04\/2024<\/p><p>Vig\u00eancia: 24\/04\/2026 ou at\u00e9 a Assembleia Geral Ordin\u00e1ria de 2026 que deliberar sobre as contas relativas ao exerc\u00edcio a ser encerrado em 31 de dezembro de 2025.<\/p>\t\t\t\t\t\t\t\t<\/div>\n\t\t<div class=\"elementor-element elementor-element-366c597 e-con-full e-flex e-con e-child\" data-id=\"366c597\" data-element_type=\"container\">\n\t\t\t\t<div class=\"elementor-element elementor-element-6d9fb1e elementor-align-justify elementor-widget__width-initial bth2 elementor-widget elementor-widget-button\" data-id=\"6d9fb1e\" data-element_type=\"widget\" data-widget_type=\"button.default\">\n\t\t\t\t\t\t\t\t\t\t<a class=\"elementor-button elementor-button-link elementor-size-sm\" href=\"https:\/\/www.aguasdejoinville.com.br\/novo\/wp-content\/uploads\/2026\/01\/Regimento-interno-do-Conselho-Fiscal-\u2013-Companhia-Aguas-de-Joinville-2.pdf\" target=\"_blank\">\n\t\t\t\t\t\t<span class=\"elementor-button-content-wrapper\">\n\t\t\t\t\t\t<span class=\"elementor-button-icon\">\n\t\t\t\t<svg aria-hidden=\"true\" class=\"e-font-icon-svg e-fas-download\" viewBox=\"0 0 512 512\" xmlns=\"http:\/\/www.w3.org\/2000\/svg\"><path d=\"M216 0h80c13.3 0 24 10.7 24 24v168h87.7c17.8 0 26.7 21.5 14.1 34.1L269.7 378.3c-7.5 7.5-19.8 7.5-27.3 0L90.1 226.1c-12.6-12.6-3.7-34.1 14.1-34.1H192V24c0-13.3 10.7-24 24-24zm296 376v112c0 13.3-10.7 24-24 24H24c-13.3 0-24-10.7-24-24V376c0-13.3 10.7-24 24-24h146.7l49 49c20.1 20.1 52.5 20.1 72.6 0l49-49H488c13.3 0 24 10.7 24 24zm-124 88c0-11-9-20-20-20s-20 9-20 20 9 20 20 20 20-9 20-20zm64 0c0-11-9-20-20-20s-20 9-20 20 9 20 20 20 20-9 20-20z\"><\/path><\/svg>\t\t\t<\/span>\n\t\t\t\t\t\t\t\t\t<span class=\"elementor-button-text\">Regimento interno do Conselho Fiscal<\/span>\n\t\t\t\t\t<\/span>\n\t\t\t\t\t<\/a>\n\t\t\t\t\t\t\t\t<\/div>\n\t\t\t\t<div class=\"elementor-element elementor-element-7c996e8 elementor-align-justify elementor-widget__width-initial bth2 elementor-widget elementor-widget-button\" data-id=\"7c996e8\" data-element_type=\"widget\" data-widget_type=\"button.default\">\n\t\t\t\t\t\t\t\t\t\t<a class=\"elementor-button elementor-button-link elementor-size-sm\" href=\"https:\/\/www.aguasdejoinville.com.br\/novo\/wp-content\/uploads\/2025\/12\/36_Ata_Assembleia-dia-25-04-2018-AGO.pdf\" target=\"_blank\">\n\t\t\t\t\t\t<span class=\"elementor-button-content-wrapper\">\n\t\t\t\t\t\t<span class=\"elementor-button-icon\">\n\t\t\t\t<svg aria-hidden=\"true\" class=\"e-font-icon-svg e-fas-download\" viewBox=\"0 0 512 512\" xmlns=\"http:\/\/www.w3.org\/2000\/svg\"><path d=\"M216 0h80c13.3 0 24 10.7 24 24v168h87.7c17.8 0 26.7 21.5 14.1 34.1L269.7 378.3c-7.5 7.5-19.8 7.5-27.3 0L90.1 226.1c-12.6-12.6-3.7-34.1 14.1-34.1H192V24c0-13.3 10.7-24 24-24zm296 376v112c0 13.3-10.7 24-24 24H24c-13.3 0-24-10.7-24-24V376c0-13.3 10.7-24 24-24h146.7l49 49c20.1 20.1 52.5 20.1 72.6 0l49-49H488c13.3 0 24 10.7 24 24zm-124 88c0-11-9-20-20-20s-20 9-20 20 9 20 20 20 20-9 20-20zm64 0c0-11-9-20-20-20s-20 9-20 20 9 20 20 20 20-9 20-20z\"><\/path><\/svg>\t\t\t<\/span>\n\t\t\t\t\t\t\t\t\t<span class=\"elementor-button-text\">Ata da Assembleia Geral Ordin\u00e1ria 25-04-2018<\/span>\n\t\t\t\t\t<\/span>\n\t\t\t\t\t<\/a>\n\t\t\t\t\t\t\t\t<\/div>\n\t\t\t\t<div class=\"elementor-element elementor-element-c498a0a elementor-align-justify elementor-widget__width-initial bth2 elementor-widget elementor-widget-button\" data-id=\"c498a0a\" data-element_type=\"widget\" data-widget_type=\"button.default\">\n\t\t\t\t\t\t\t\t\t\t<a class=\"elementor-button elementor-button-link elementor-size-sm\" href=\"https:\/\/www.aguasdejoinville.com.br\/novo\/wp-content\/uploads\/2025\/12\/24_Estatuto-Consolidado_17-02-2014.pdf\" target=\"_blank\">\n\t\t\t\t\t\t<span class=\"elementor-button-content-wrapper\">\n\t\t\t\t\t\t<span class=\"elementor-button-icon\">\n\t\t\t\t<svg aria-hidden=\"true\" class=\"e-font-icon-svg e-fas-download\" viewBox=\"0 0 512 512\" xmlns=\"http:\/\/www.w3.org\/2000\/svg\"><path d=\"M216 0h80c13.3 0 24 10.7 24 24v168h87.7c17.8 0 26.7 21.5 14.1 34.1L269.7 378.3c-7.5 7.5-19.8 7.5-27.3 0L90.1 226.1c-12.6-12.6-3.7-34.1 14.1-34.1H192V24c0-13.3 10.7-24 24-24zm296 376v112c0 13.3-10.7 24-24 24H24c-13.3 0-24-10.7-24-24V376c0-13.3 10.7-24 24-24h146.7l49 49c20.1 20.1 52.5 20.1 72.6 0l49-49H488c13.3 0 24 10.7 24 24zm-124 88c0-11-9-20-20-20s-20 9-20 20 9 20 20 20 20-9 20-20zm64 0c0-11-9-20-20-20s-20 9-20 20 9 20 20 20 20-9 20-20z\"><\/path><\/svg>\t\t\t<\/span>\n\t\t\t\t\t\t\t\t\t<span class=\"elementor-button-text\">Estatuto Social Consolidado de 17-02-2014<\/span>\n\t\t\t\t\t<\/span>\n\t\t\t\t\t<\/a>\n\t\t\t\t\t\t\t\t<\/div>\n\t\t\t\t<\/div>\n\t\t\t\t<div class=\"elementor-element elementor-element-726f730 elementor-widget elementor-widget-heading\" data-id=\"726f730\" data-element_type=\"widget\" data-widget_type=\"heading.default\">\n\t\t\t\t\t<h2 class=\"elementor-heading-title elementor-size-default\">Membros Titulares\n\n<\/h2>\t\t\t\t<\/div>\n\t\t\t\t<div class=\"elementor-element elementor-element-7532f40 elementor-widget elementor-widget-jet-listing-grid\" data-id=\"7532f40\" data-element_type=\"widget\" data-settings=\"{&quot;columns&quot;:&quot;1&quot;}\" data-widget_type=\"jet-listing-grid.default\">\n\t\t\t\t\t<div class=\"jet-listing-grid jet-listing\"><div class=\"jet-listing-grid__items grid-col-desk-1 grid-col-tablet-1 grid-col-mobile-1 jet-listing-grid--61686\" data-queried-id=\"61894|WP_Post\" data-nav=\"{&quot;enabled&quot;:false,&quot;type&quot;:null,&quot;more_el&quot;:null,&quot;query&quot;:[],&quot;widget_settings&quot;:{&quot;lisitng_id&quot;:61686,&quot;posts_num&quot;:10,&quot;columns&quot;:1,&quot;columns_tablet&quot;:1,&quot;columns_mobile&quot;:1,&quot;column_min_width&quot;:240,&quot;column_min_width_tablet&quot;:240,&quot;column_min_width_mobile&quot;:240,&quot;inline_columns_css&quot;:false,&quot;is_archive_template&quot;:&quot;&quot;,&quot;post_status&quot;:[&quot;publish&quot;],&quot;use_random_posts_num&quot;:&quot;&quot;,&quot;max_posts_num&quot;:9,&quot;not_found_message&quot;:&quot;Nenhum dado foi encontrado&quot;,&quot;is_masonry&quot;:false,&quot;equal_columns_height&quot;:&quot;&quot;,&quot;use_load_more&quot;:&quot;&quot;,&quot;load_more_id&quot;:&quot;&quot;,&quot;load_more_type&quot;:&quot;click&quot;,&quot;load_more_offset&quot;:{&quot;unit&quot;:&quot;px&quot;,&quot;size&quot;:0,&quot;sizes&quot;:[]},&quot;use_custom_post_types&quot;:&quot;&quot;,&quot;custom_post_types&quot;:[],&quot;hide_widget_if&quot;:&quot;&quot;,&quot;carousel_enabled&quot;:&quot;&quot;,&quot;slides_to_scroll&quot;:&quot;1&quot;,&quot;arrows&quot;:&quot;true&quot;,&quot;arrow_icon&quot;:&quot;fa fa-angle-left&quot;,&quot;dots&quot;:&quot;&quot;,&quot;autoplay&quot;:&quot;true&quot;,&quot;pause_on_hover&quot;:&quot;true&quot;,&quot;autoplay_speed&quot;:5000,&quot;infinite&quot;:&quot;true&quot;,&quot;center_mode&quot;:&quot;&quot;,&quot;effect&quot;:&quot;slide&quot;,&quot;speed&quot;:500,&quot;inject_alternative_items&quot;:&quot;&quot;,&quot;injection_items&quot;:[],&quot;scroll_slider_enabled&quot;:&quot;&quot;,&quot;scroll_slider_on&quot;:[&quot;desktop&quot;,&quot;tablet&quot;,&quot;mobile&quot;],&quot;custom_query&quot;:false,&quot;custom_query_id&quot;:&quot;&quot;,&quot;_element_id&quot;:&quot;&quot;,&quot;collapse_first_last_gap&quot;:false,&quot;list_tag_selection&quot;:&quot;&quot;,&quot;list_items_wrapper_tag&quot;:&quot;div&quot;,&quot;list_item_tag&quot;:&quot;div&quot;,&quot;empty_items_wrapper_tag&quot;:&quot;div&quot;}}\" data-page=\"1\" data-pages=\"1\" data-listing-source=\"posts\" data-listing-id=\"61686\" data-query-id=\"\"><div class=\"jet-listing-grid__item jet-listing-dynamic-post-61902\" data-post-id=\"61902\"  >\t\t<div data-elementor-type=\"jet-listing-items\" data-elementor-id=\"61686\" class=\"elementor elementor-61686\" data-elementor-post-type=\"jet-engine\">\n\t\t\t\t<div class=\"elementor-element elementor-element-4f91df1 e-flex e-con-boxed e-con e-parent\" data-id=\"4f91df1\" data-element_type=\"container\">\n\t\t\t\t\t<div class=\"e-con-inner\">\n\t\t<div class=\"elementor-element elementor-element-d2d8829 e-con-full e-flex e-con e-child\" data-id=\"d2d8829\" data-element_type=\"container\">\n\t\t<div class=\"elementor-element elementor-element-703e107 e-con-full e-flex e-con e-child\" data-id=\"703e107\" data-element_type=\"container\" data-settings=\"{&quot;background_background&quot;:&quot;classic&quot;}\">\n\t\t\t\t<div class=\"elementor-element elementor-element-b484296 elementor-widget-mobile__width-initial elementor-widget__width-initial elementor-widget elementor-widget-image\" data-id=\"b484296\" data-element_type=\"widget\" data-widget_type=\"image.default\">\n\t\t\t\t\t\t\t\t\t\t\t\t\t\t\t<img fetchpriority=\"high\" decoding=\"async\" width=\"512\" height=\"512\" src=\"https:\/\/aguasdejoinville.com.br\/novo\/wp-content\/uploads\/2025\/08\/cropped-faviconY.jpg\" class=\"attachment-large size-large wp-image-5851\" alt=\"\" srcset=\"https:\/\/aguasdejoinville.com.br\/novo\/wp-content\/uploads\/2025\/08\/cropped-faviconY.jpg 512w, https:\/\/aguasdejoinville.com.br\/novo\/wp-content\/uploads\/2025\/08\/cropped-faviconY-300x300.jpg 300w, https:\/\/aguasdejoinville.com.br\/novo\/wp-content\/uploads\/2025\/08\/cropped-faviconY-150x150.jpg 150w, https:\/\/aguasdejoinville.com.br\/novo\/wp-content\/uploads\/2025\/08\/cropped-faviconY-12x12.jpg 12w, https:\/\/aguasdejoinville.com.br\/novo\/wp-content\/uploads\/2025\/08\/cropped-faviconY-450x450.jpg 450w, https:\/\/aguasdejoinville.com.br\/novo\/wp-content\/uploads\/2025\/08\/cropped-faviconY-270x270.jpg 270w, https:\/\/aguasdejoinville.com.br\/novo\/wp-content\/uploads\/2025\/08\/cropped-faviconY-192x192.jpg 192w, https:\/\/aguasdejoinville.com.br\/novo\/wp-content\/uploads\/2025\/08\/cropped-faviconY-180x180.jpg 180w, https:\/\/aguasdejoinville.com.br\/novo\/wp-content\/uploads\/2025\/08\/cropped-faviconY-32x32.jpg 32w\" sizes=\"(max-width: 512px) 100vw, 512px\" \/>\t\t\t\t\t\t\t\t\t\t\t\t\t\t\t<\/div>\n\t\t<div class=\"elementor-element elementor-element-f29bcd8 e-con-full e-flex e-con e-child\" data-id=\"f29bcd8\" data-element_type=\"container\">\n\t\t\t\t<div class=\"elementor-element elementor-element-37f8c11 elementor-widget__width-initial elementor-widget elementor-widget-heading\" data-id=\"37f8c11\" data-element_type=\"widget\" data-widget_type=\"heading.default\">\n\t\t\t\t\t<h3 class=\"elementor-heading-title elementor-size-default\">Samara Perfeito Nunes<\/h3>\t\t\t\t<\/div>\n\t\t\t\t<div class=\"elementor-element elementor-element-052a443 elementor-widget elementor-widget-text-editor\" data-id=\"052a443\" data-element_type=\"widget\" data-widget_type=\"text-editor.default\">\n\t\t\t\t\t\t\t\t\t(membro indicado de acordo com o \u00a7 2\u00ba art. 26 da Lei 13.303\/2016)\t\t\t\t\t\t\t\t<\/div>\n\t\t\t\t<\/div>\n\t\t\t\t<\/div>\n\t\t\t\t<div class=\"elementor-element elementor-element-0815cf6 elementor-widget elementor-widget-n-accordion\" data-id=\"0815cf6\" data-element_type=\"widget\" data-settings=\"{&quot;default_state&quot;:&quot;all_collapsed&quot;,&quot;max_items_expended&quot;:&quot;one&quot;,&quot;n_accordion_animation_duration&quot;:{&quot;unit&quot;:&quot;ms&quot;,&quot;size&quot;:400,&quot;sizes&quot;:[]}}\" data-widget_type=\"nested-accordion.default\">\n\t\t\t\t\t\t\t<div class=\"e-n-accordion\" aria-label=\"Accordion. Open links with Enter or Space, close with Escape, and navigate with Arrow Keys\">\n\t\t\t\t\t\t<details id=\"e-n-accordion-item-8470\" class=\"e-n-accordion-item\" >\n\t\t\t\t<summary class=\"e-n-accordion-item-title\" data-accordion-index=\"1\" tabindex=\"0\" aria-expanded=\"false\" aria-controls=\"e-n-accordion-item-8470\" >\n\t\t\t\t\t<span class='e-n-accordion-item-title-header'><div class=\"e-n-accordion-item-title-text\"> Curr\u00edculo <\/div><\/span>\n\t\t\t\t\t\t\t<span class='e-n-accordion-item-title-icon'>\n\t\t\t<span class='e-opened' ><svg aria-hidden=\"true\" class=\"e-font-icon-svg e-fas-minus\" viewBox=\"0 0 448 512\" xmlns=\"http:\/\/www.w3.org\/2000\/svg\"><path d=\"M416 208H32c-17.67 0-32 14.33-32 32v32c0 17.67 14.33 32 32 32h384c17.67 0 32-14.33 32-32v-32c0-17.67-14.33-32-32-32z\"><\/path><\/svg><\/span>\n\t\t\t<span class='e-closed'><svg aria-hidden=\"true\" class=\"e-font-icon-svg e-fas-plus\" viewBox=\"0 0 448 512\" xmlns=\"http:\/\/www.w3.org\/2000\/svg\"><path d=\"M416 208H272V64c0-17.67-14.33-32-32-32h-32c-17.67 0-32 14.33-32 32v144H32c-17.67 0-32 14.33-32 32v32c0 17.67 14.33 32 32 32h144v144c0 17.67 14.33 32 32 32h32c17.67 0 32-14.33 32-32V304h144c17.67 0 32-14.33 32-32v-32c0-17.67-14.33-32-32-32z\"><\/path><\/svg><\/span>\n\t\t<\/span>\n\n\t\t\t\t\t\t<\/summary>\n\t\t\t\t<div role=\"region\" aria-labelledby=\"e-n-accordion-item-8470\" class=\"elementor-element elementor-element-92b72f4 e-con-full e-flex e-con e-child\" data-id=\"92b72f4\" data-element_type=\"container\">\n\t\t\t\t<div class=\"elementor-element elementor-element-d15aaca elementor-widget elementor-widget-text-editor\" data-id=\"d15aaca\" data-element_type=\"widget\" data-widget_type=\"text-editor.default\">\n\t\t\t\t\t\t\t\t\t<p>Bacharel em Ci\u00eancias Cont\u00e1beis pela Universidade Federal de Santa Catarina \u2013 UFSC (2000 \u2013 2005). P\u00f3s-graduanda em Finan\u00e7as e Custos pela Faculdade SENAC (2019-atual).<\/p>\n<p>Aperfei\u00e7oamento:\u00a0Associa\u00e7\u00e3o Brasileira das Entidades dos Mercados de Capitais \u2013 AMBIMA \u2013\u00a0Certifica\u00e7\u00e3o \u2013 CPA \u2013 10 (16\/08\/2020 \u2013 16\/08\/2023).<\/p>\n<p>Atualmente,\u00a0Diretora Executiva de Administra\u00e7\u00e3o Financeira<br \/>\n(de 05\/2019 \u2013 Atual) na\u00a0Secretaria da Fazenda da\u00a0Prefeitura Municipal de Joinville, onde tamb\u00e9m atuou como\u00a0Gerente de Contadoria Geral (09\/2017\u00a0a 05\/2019)<\/p>\n<p>\u2013 Hospital Municipal S\u00e3o Jos\u00e9 (HMSJ)<br \/>\nL\u00edder de \u00c1rea do setor financeiro e cont\u00e1bil (de 11\/2015 a 08\/2017)<\/p>\n<p>\u2013 Secretaria da Agricultura e Meio Ambiente \u2013 SAMA<br \/>\nContadora (06\/2009 a 10\/2015)<\/p>\n<p>\u2013 Unimed Tubar\u00e3o<br \/>\nAssistente Cont\u00e1bil (12\/2007 a 05\/2009)<\/p>\n<p>&nbsp;<\/p>\n<p><strong>Principais experi\u00eancias<\/strong><br \/>\n\u2013 Gestora\u00a0\u00e0 frente da Diretoria de Contadoria e Finan\u00e7as da Prefeitura Municipal de Joinville;<br \/>\n\u2013 Estrutura\u00e7\u00e3o da Contadoria Geral do\u00a0Munic\u00edpio de Joinville;<br \/>\n\u2013 Conselheira Fiscal do IPREVILLE e\u00a0Membro do Comit\u00ea Investimentos<br \/>\ndesde 2013.<\/p>\n\t\t\t\t\t\t\t\t<\/div>\n\t\t\t\t<\/div>\n\t\t\t\t\t<\/details>\n\t\t\t\t\t<\/div>\n\t\t\t\t\t\t<\/div>\n\t\t\t\t<\/div>\n\t\t\t\t\t<\/div>\n\t\t\t\t<\/div>\n\t\t\t\t<\/div>\n\t\t<\/div><div class=\"jet-listing-grid__item jet-listing-dynamic-post-61903\" data-post-id=\"61903\"  >\t\t<div data-elementor-type=\"jet-listing-items\" data-elementor-id=\"61686\" class=\"elementor elementor-61686\" data-elementor-post-type=\"jet-engine\">\n\t\t\t\t<div class=\"elementor-element elementor-element-4f91df1 e-flex e-con-boxed e-con e-parent\" data-id=\"4f91df1\" data-element_type=\"container\">\n\t\t\t\t\t<div class=\"e-con-inner\">\n\t\t<div class=\"elementor-element elementor-element-d2d8829 e-con-full e-flex e-con e-child\" data-id=\"d2d8829\" data-element_type=\"container\">\n\t\t<div class=\"elementor-element elementor-element-703e107 e-con-full e-flex e-con e-child\" data-id=\"703e107\" data-element_type=\"container\" data-settings=\"{&quot;background_background&quot;:&quot;classic&quot;}\">\n\t\t\t\t<div class=\"elementor-element elementor-element-b484296 elementor-widget-mobile__width-initial elementor-widget__width-initial elementor-widget elementor-widget-image\" data-id=\"b484296\" data-element_type=\"widget\" data-widget_type=\"image.default\">\n\t\t\t\t\t\t\t\t\t\t\t\t\t\t\t<img fetchpriority=\"high\" decoding=\"async\" width=\"512\" height=\"512\" src=\"https:\/\/aguasdejoinville.com.br\/novo\/wp-content\/uploads\/2025\/08\/cropped-faviconY.jpg\" class=\"attachment-large size-large wp-image-5851\" alt=\"\" srcset=\"https:\/\/aguasdejoinville.com.br\/novo\/wp-content\/uploads\/2025\/08\/cropped-faviconY.jpg 512w, https:\/\/aguasdejoinville.com.br\/novo\/wp-content\/uploads\/2025\/08\/cropped-faviconY-300x300.jpg 300w, https:\/\/aguasdejoinville.com.br\/novo\/wp-content\/uploads\/2025\/08\/cropped-faviconY-150x150.jpg 150w, https:\/\/aguasdejoinville.com.br\/novo\/wp-content\/uploads\/2025\/08\/cropped-faviconY-12x12.jpg 12w, https:\/\/aguasdejoinville.com.br\/novo\/wp-content\/uploads\/2025\/08\/cropped-faviconY-450x450.jpg 450w, https:\/\/aguasdejoinville.com.br\/novo\/wp-content\/uploads\/2025\/08\/cropped-faviconY-270x270.jpg 270w, https:\/\/aguasdejoinville.com.br\/novo\/wp-content\/uploads\/2025\/08\/cropped-faviconY-192x192.jpg 192w, https:\/\/aguasdejoinville.com.br\/novo\/wp-content\/uploads\/2025\/08\/cropped-faviconY-180x180.jpg 180w, https:\/\/aguasdejoinville.com.br\/novo\/wp-content\/uploads\/2025\/08\/cropped-faviconY-32x32.jpg 32w\" sizes=\"(max-width: 512px) 100vw, 512px\" \/>\t\t\t\t\t\t\t\t\t\t\t\t\t\t\t<\/div>\n\t\t<div class=\"elementor-element elementor-element-f29bcd8 e-con-full e-flex e-con e-child\" data-id=\"f29bcd8\" data-element_type=\"container\">\n\t\t\t\t<div class=\"elementor-element elementor-element-37f8c11 elementor-widget__width-initial elementor-widget elementor-widget-heading\" data-id=\"37f8c11\" data-element_type=\"widget\" data-widget_type=\"heading.default\">\n\t\t\t\t\t<h3 class=\"elementor-heading-title elementor-size-default\">Maur\u00edcio Woehl Junior<\/h3>\t\t\t\t<\/div>\n\t\t\t\t<\/div>\n\t\t\t\t<\/div>\n\t\t\t\t<div class=\"elementor-element elementor-element-0815cf6 elementor-widget elementor-widget-n-accordion\" data-id=\"0815cf6\" data-element_type=\"widget\" data-settings=\"{&quot;default_state&quot;:&quot;all_collapsed&quot;,&quot;max_items_expended&quot;:&quot;one&quot;,&quot;n_accordion_animation_duration&quot;:{&quot;unit&quot;:&quot;ms&quot;,&quot;size&quot;:400,&quot;sizes&quot;:[]}}\" data-widget_type=\"nested-accordion.default\">\n\t\t\t\t\t\t\t<div class=\"e-n-accordion\" aria-label=\"Accordion. Open links with Enter or Space, close with Escape, and navigate with Arrow Keys\">\n\t\t\t\t\t\t<details id=\"e-n-accordion-item-8470\" class=\"e-n-accordion-item\" >\n\t\t\t\t<summary class=\"e-n-accordion-item-title\" data-accordion-index=\"1\" tabindex=\"0\" aria-expanded=\"false\" aria-controls=\"e-n-accordion-item-8470\" >\n\t\t\t\t\t<span class='e-n-accordion-item-title-header'><div class=\"e-n-accordion-item-title-text\"> Curr\u00edculo <\/div><\/span>\n\t\t\t\t\t\t\t<span class='e-n-accordion-item-title-icon'>\n\t\t\t<span class='e-opened' ><svg aria-hidden=\"true\" class=\"e-font-icon-svg e-fas-minus\" viewBox=\"0 0 448 512\" xmlns=\"http:\/\/www.w3.org\/2000\/svg\"><path d=\"M416 208H32c-17.67 0-32 14.33-32 32v32c0 17.67 14.33 32 32 32h384c17.67 0 32-14.33 32-32v-32c0-17.67-14.33-32-32-32z\"><\/path><\/svg><\/span>\n\t\t\t<span class='e-closed'><svg aria-hidden=\"true\" class=\"e-font-icon-svg e-fas-plus\" viewBox=\"0 0 448 512\" xmlns=\"http:\/\/www.w3.org\/2000\/svg\"><path d=\"M416 208H272V64c0-17.67-14.33-32-32-32h-32c-17.67 0-32 14.33-32 32v144H32c-17.67 0-32 14.33-32 32v32c0 17.67 14.33 32 32 32h144v144c0 17.67 14.33 32 32 32h32c17.67 0 32-14.33 32-32V304h144c17.67 0 32-14.33 32-32v-32c0-17.67-14.33-32-32-32z\"><\/path><\/svg><\/span>\n\t\t<\/span>\n\n\t\t\t\t\t\t<\/summary>\n\t\t\t\t<div role=\"region\" aria-labelledby=\"e-n-accordion-item-8470\" class=\"elementor-element elementor-element-92b72f4 e-con-full e-flex e-con e-child\" data-id=\"92b72f4\" data-element_type=\"container\">\n\t\t\t\t<div class=\"elementor-element elementor-element-d15aaca elementor-widget elementor-widget-text-editor\" data-id=\"d15aaca\" data-element_type=\"widget\" data-widget_type=\"text-editor.default\">\n\t\t\t\t\t\t\t\t\t<p>Bacharel em Ci\u00eancias Cont\u00e1beis pela UNIVILLE (2001). Especializa\u00e7\u00e3o em Administra\u00e7\u00e3o Financeira, Controladoria e Auditoria (2003). Assessor de Investimentos \u2013 CVM\/ANCORD (2019).<\/p>\n<p>Atualmente, Diretor na META Gest\u00e3o Cont\u00e1bil Ltda (a partir de 08\/1994) e s\u00f3cio na LINE Invest Agent Aut\u00f4nomo Gest\u00e3o Cont\u00e1bil Ltda (desde 06\/2019). A LINE \u00e9 o escrit\u00f3rio contratado pelo Banco BTG PACTUAL.<\/p>\n<p><strong>Outras Informa\u00e7\u00f5es<\/strong><br \/>\n\u2013 Membro do Conselho Fiscal do Sindicato dos Contabilistas de Joinville;<br \/>\n\u2013 Membro do Conselho Fiscal do Hospital Dona Helena (Associa\u00e7\u00e3o Beneficente Evang\u00e9lica de Joinville);<br \/>\n\u2013 Membro do Conselho Fiscal do Instituto Musicarium de Joinville;<br \/>\n\u2013 Membro do Conselho de Administra\u00e7\u00e3o da empresa Uniplast SA.<\/p>\n\t\t\t\t\t\t\t\t<\/div>\n\t\t\t\t<\/div>\n\t\t\t\t\t<\/details>\n\t\t\t\t\t<\/div>\n\t\t\t\t\t\t<\/div>\n\t\t\t\t<\/div>\n\t\t\t\t\t<\/div>\n\t\t\t\t<\/div>\n\t\t\t\t<\/div>\n\t\t<\/div><div class=\"jet-listing-grid__item jet-listing-dynamic-post-61904\" data-post-id=\"61904\"  >\t\t<div data-elementor-type=\"jet-listing-items\" data-elementor-id=\"61686\" class=\"elementor elementor-61686\" data-elementor-post-type=\"jet-engine\">\n\t\t\t\t<div class=\"elementor-element elementor-element-4f91df1 e-flex e-con-boxed e-con e-parent\" data-id=\"4f91df1\" data-element_type=\"container\">\n\t\t\t\t\t<div class=\"e-con-inner\">\n\t\t<div class=\"elementor-element elementor-element-d2d8829 e-con-full e-flex e-con e-child\" data-id=\"d2d8829\" data-element_type=\"container\">\n\t\t<div class=\"elementor-element elementor-element-703e107 e-con-full e-flex e-con e-child\" data-id=\"703e107\" data-element_type=\"container\" data-settings=\"{&quot;background_background&quot;:&quot;classic&quot;}\">\n\t\t\t\t<div class=\"elementor-element elementor-element-b484296 elementor-widget-mobile__width-initial elementor-widget__width-initial elementor-widget elementor-widget-image\" data-id=\"b484296\" data-element_type=\"widget\" data-widget_type=\"image.default\">\n\t\t\t\t\t\t\t\t\t\t\t\t\t\t\t<img fetchpriority=\"high\" decoding=\"async\" width=\"512\" height=\"512\" src=\"https:\/\/aguasdejoinville.com.br\/novo\/wp-content\/uploads\/2025\/08\/cropped-faviconY.jpg\" class=\"attachment-large size-large wp-image-5851\" alt=\"\" srcset=\"https:\/\/aguasdejoinville.com.br\/novo\/wp-content\/uploads\/2025\/08\/cropped-faviconY.jpg 512w, https:\/\/aguasdejoinville.com.br\/novo\/wp-content\/uploads\/2025\/08\/cropped-faviconY-300x300.jpg 300w, https:\/\/aguasdejoinville.com.br\/novo\/wp-content\/uploads\/2025\/08\/cropped-faviconY-150x150.jpg 150w, https:\/\/aguasdejoinville.com.br\/novo\/wp-content\/uploads\/2025\/08\/cropped-faviconY-12x12.jpg 12w, https:\/\/aguasdejoinville.com.br\/novo\/wp-content\/uploads\/2025\/08\/cropped-faviconY-450x450.jpg 450w, https:\/\/aguasdejoinville.com.br\/novo\/wp-content\/uploads\/2025\/08\/cropped-faviconY-270x270.jpg 270w, https:\/\/aguasdejoinville.com.br\/novo\/wp-content\/uploads\/2025\/08\/cropped-faviconY-192x192.jpg 192w, https:\/\/aguasdejoinville.com.br\/novo\/wp-content\/uploads\/2025\/08\/cropped-faviconY-180x180.jpg 180w, https:\/\/aguasdejoinville.com.br\/novo\/wp-content\/uploads\/2025\/08\/cropped-faviconY-32x32.jpg 32w\" sizes=\"(max-width: 512px) 100vw, 512px\" \/>\t\t\t\t\t\t\t\t\t\t\t\t\t\t\t<\/div>\n\t\t<div class=\"elementor-element elementor-element-f29bcd8 e-con-full e-flex e-con e-child\" data-id=\"f29bcd8\" data-element_type=\"container\">\n\t\t\t\t<div class=\"elementor-element elementor-element-37f8c11 elementor-widget__width-initial elementor-widget elementor-widget-heading\" data-id=\"37f8c11\" data-element_type=\"widget\" data-widget_type=\"heading.default\">\n\t\t\t\t\t<h3 class=\"elementor-heading-title elementor-size-default\">Vagner Ferreira de Oliveira<\/h3>\t\t\t\t<\/div>\n\t\t\t\t<\/div>\n\t\t\t\t<\/div>\n\t\t\t\t<div class=\"elementor-element elementor-element-0815cf6 elementor-widget elementor-widget-n-accordion\" data-id=\"0815cf6\" data-element_type=\"widget\" data-settings=\"{&quot;default_state&quot;:&quot;all_collapsed&quot;,&quot;max_items_expended&quot;:&quot;one&quot;,&quot;n_accordion_animation_duration&quot;:{&quot;unit&quot;:&quot;ms&quot;,&quot;size&quot;:400,&quot;sizes&quot;:[]}}\" data-widget_type=\"nested-accordion.default\">\n\t\t\t\t\t\t\t<div class=\"e-n-accordion\" aria-label=\"Accordion. Open links with Enter or Space, close with Escape, and navigate with Arrow Keys\">\n\t\t\t\t\t\t<details id=\"e-n-accordion-item-8470\" class=\"e-n-accordion-item\" >\n\t\t\t\t<summary class=\"e-n-accordion-item-title\" data-accordion-index=\"1\" tabindex=\"0\" aria-expanded=\"false\" aria-controls=\"e-n-accordion-item-8470\" >\n\t\t\t\t\t<span class='e-n-accordion-item-title-header'><div class=\"e-n-accordion-item-title-text\"> Curr\u00edculo <\/div><\/span>\n\t\t\t\t\t\t\t<span class='e-n-accordion-item-title-icon'>\n\t\t\t<span class='e-opened' ><svg aria-hidden=\"true\" class=\"e-font-icon-svg e-fas-minus\" viewBox=\"0 0 448 512\" xmlns=\"http:\/\/www.w3.org\/2000\/svg\"><path d=\"M416 208H32c-17.67 0-32 14.33-32 32v32c0 17.67 14.33 32 32 32h384c17.67 0 32-14.33 32-32v-32c0-17.67-14.33-32-32-32z\"><\/path><\/svg><\/span>\n\t\t\t<span class='e-closed'><svg aria-hidden=\"true\" class=\"e-font-icon-svg e-fas-plus\" viewBox=\"0 0 448 512\" xmlns=\"http:\/\/www.w3.org\/2000\/svg\"><path d=\"M416 208H272V64c0-17.67-14.33-32-32-32h-32c-17.67 0-32 14.33-32 32v144H32c-17.67 0-32 14.33-32 32v32c0 17.67 14.33 32 32 32h144v144c0 17.67 14.33 32 32 32h32c17.67 0 32-14.33 32-32V304h144c17.67 0 32-14.33 32-32v-32c0-17.67-14.33-32-32-32z\"><\/path><\/svg><\/span>\n\t\t<\/span>\n\n\t\t\t\t\t\t<\/summary>\n\t\t\t\t<div role=\"region\" aria-labelledby=\"e-n-accordion-item-8470\" class=\"elementor-element elementor-element-92b72f4 e-con-full e-flex e-con e-child\" data-id=\"92b72f4\" data-element_type=\"container\">\n\t\t\t\t<div class=\"elementor-element elementor-element-d15aaca elementor-widget elementor-widget-text-editor\" data-id=\"d15aaca\" data-element_type=\"widget\" data-widget_type=\"text-editor.default\">\n\t\t\t\t\t\t\t\t\t<p>Advogado (OAB\/SC 38.002), especializado em Direito Empresarial e Tribut\u00e1rio, com trajet\u00f3ria consolidada nas \u00e1reas p\u00fablica e privada.<\/p>\n<p>Forma\u00e7\u00e3o Acad\u00eamica<br \/>\n\u2022 Bacharel em Direito \u2013 UNIVILLE (2013)<br \/>\n\u2022 MBA em Direito Societ\u00e1rio \u2013 Funda\u00e7\u00e3o Getulio Vargas (2017)<br \/>\n\u2022 Cursando Mercado e Cr\u00e9dito de Carbono \u2013 Instituto Brasileiro de Sustentabilidade (atual)<\/p>\n<p>Principais experi\u00eancias<\/p>\n<p>\u2022 Comercial Partner | Vipac Capital<br \/>\nPer\u00edodo: jan\/2010 \u2013 ago\/2013<br \/>\nDesenvolvimento de neg\u00f3cios, gest\u00e3o de relacionamentos e estrat\u00e9gias comerciais.<br \/>\n\u2022 Administrador | Madeireira Triunfo LTDA<br \/>\nPer\u00edodo: jan\/2010\u2013 jul\/2015<br \/>\nRespons\u00e1vel pela gest\u00e3o operacional e comercial da empresa no setor madeireiro.<br \/>\n\u2022 Advogado S\u00f3cio-Propriet\u00e1rio | Oliveira &amp; Hugen Advogados Associados<br \/>\nPer\u00edodo: ago\/2013 \u2013 nov\/2018<br \/>\nAtua\u00e7\u00e3o em consultoria jur\u00eddica empresarial e previdenci\u00e1ria, gest\u00e3o estrat\u00e9gica e prospec\u00e7\u00e3o.<br \/>\n\u2022 Secret\u00e1rio de Assist\u00eancia Social | Prefeitura Municipal de Joinville<br \/>\nPer\u00edodo: mai\/2016 \u2013 dez\/2020<br \/>\nLideran\u00e7a de projetos sociais e articula\u00e7\u00e3o de parcerias p\u00fablicas e privadas.<br \/>\n\u2022 Chefe de Gabinete | C\u00e2mara de Vereadores de Joinville<br \/>\nPer\u00edodo: mar\/2021 \u2013 dez\/2024 (atual)<br \/>\nCoordena\u00e7\u00e3o de equipe, produ\u00e7\u00e3o legislativa e articula\u00e7\u00e3o pol\u00edtica.<br \/>\n\u2022 Advogado Associado | Melo Advogados Associados<br \/>\nPer\u00edodo: jan\/2023 \u2013 atual<br \/>\nConsultoria jur\u00eddica empresarial, contratos e atendimento estrat\u00e9gico\u00a0a\u00a0clientes.<\/p>\n\t\t\t\t\t\t\t\t<\/div>\n\t\t\t\t<\/div>\n\t\t\t\t\t<\/details>\n\t\t\t\t\t<\/div>\n\t\t\t\t\t\t<\/div>\n\t\t\t\t<\/div>\n\t\t\t\t\t<\/div>\n\t\t\t\t<\/div>\n\t\t\t\t<\/div>\n\t\t<\/div><\/div><\/div>\t\t\t\t<\/div>\n\t\t\t\t<div class=\"elementor-element elementor-element-ecbe0a9 elementor-widget elementor-widget-heading\" data-id=\"ecbe0a9\" data-element_type=\"widget\" data-widget_type=\"heading.default\">\n\t\t\t\t\t<h2 class=\"elementor-heading-title elementor-size-default\">Membros Suplentes\n\n\n<\/h2>\t\t\t\t<\/div>\n\t\t\t\t<div class=\"elementor-element elementor-element-c41f986 elementor-widget elementor-widget-jet-listing-grid\" data-id=\"c41f986\" data-element_type=\"widget\" data-settings=\"{&quot;columns&quot;:&quot;1&quot;}\" data-widget_type=\"jet-listing-grid.default\">\n\t\t\t\t\t<div class=\"jet-listing-grid jet-listing\"><div class=\"jet-listing-grid__items grid-col-desk-1 grid-col-tablet-1 grid-col-mobile-1 jet-listing-grid--61686\" data-queried-id=\"61894|WP_Post\" data-nav=\"{&quot;enabled&quot;:false,&quot;type&quot;:null,&quot;more_el&quot;:null,&quot;query&quot;:[],&quot;widget_settings&quot;:{&quot;lisitng_id&quot;:61686,&quot;posts_num&quot;:10,&quot;columns&quot;:1,&quot;columns_tablet&quot;:1,&quot;columns_mobile&quot;:1,&quot;column_min_width&quot;:240,&quot;column_min_width_tablet&quot;:240,&quot;column_min_width_mobile&quot;:240,&quot;inline_columns_css&quot;:false,&quot;is_archive_template&quot;:&quot;&quot;,&quot;post_status&quot;:[&quot;publish&quot;],&quot;use_random_posts_num&quot;:&quot;&quot;,&quot;max_posts_num&quot;:9,&quot;not_found_message&quot;:&quot;Nenhum dado foi encontrado&quot;,&quot;is_masonry&quot;:false,&quot;equal_columns_height&quot;:&quot;&quot;,&quot;use_load_more&quot;:&quot;&quot;,&quot;load_more_id&quot;:&quot;&quot;,&quot;load_more_type&quot;:&quot;click&quot;,&quot;load_more_offset&quot;:{&quot;unit&quot;:&quot;px&quot;,&quot;size&quot;:0,&quot;sizes&quot;:[]},&quot;use_custom_post_types&quot;:&quot;&quot;,&quot;custom_post_types&quot;:[],&quot;hide_widget_if&quot;:&quot;&quot;,&quot;carousel_enabled&quot;:&quot;&quot;,&quot;slides_to_scroll&quot;:&quot;1&quot;,&quot;arrows&quot;:&quot;true&quot;,&quot;arrow_icon&quot;:&quot;fa fa-angle-left&quot;,&quot;dots&quot;:&quot;&quot;,&quot;autoplay&quot;:&quot;true&quot;,&quot;pause_on_hover&quot;:&quot;true&quot;,&quot;autoplay_speed&quot;:5000,&quot;infinite&quot;:&quot;true&quot;,&quot;center_mode&quot;:&quot;&quot;,&quot;effect&quot;:&quot;slide&quot;,&quot;speed&quot;:500,&quot;inject_alternative_items&quot;:&quot;&quot;,&quot;injection_items&quot;:[],&quot;scroll_slider_enabled&quot;:&quot;&quot;,&quot;scroll_slider_on&quot;:[&quot;desktop&quot;,&quot;tablet&quot;,&quot;mobile&quot;],&quot;custom_query&quot;:false,&quot;custom_query_id&quot;:&quot;&quot;,&quot;_element_id&quot;:&quot;&quot;,&quot;collapse_first_last_gap&quot;:false,&quot;list_tag_selection&quot;:&quot;&quot;,&quot;list_items_wrapper_tag&quot;:&quot;div&quot;,&quot;list_item_tag&quot;:&quot;div&quot;,&quot;empty_items_wrapper_tag&quot;:&quot;div&quot;}}\" data-page=\"1\" data-pages=\"1\" data-listing-source=\"posts\" data-listing-id=\"61686\" data-query-id=\"\"><div class=\"jet-listing-grid__item jet-listing-dynamic-post-61911\" data-post-id=\"61911\"  >\t\t<div data-elementor-type=\"jet-listing-items\" data-elementor-id=\"61686\" class=\"elementor elementor-61686\" data-elementor-post-type=\"jet-engine\">\n\t\t\t\t<div class=\"elementor-element elementor-element-4f91df1 e-flex e-con-boxed e-con e-parent\" data-id=\"4f91df1\" data-element_type=\"container\">\n\t\t\t\t\t<div class=\"e-con-inner\">\n\t\t<div class=\"elementor-element elementor-element-d2d8829 e-con-full e-flex e-con e-child\" data-id=\"d2d8829\" data-element_type=\"container\">\n\t\t<div class=\"elementor-element elementor-element-703e107 e-con-full e-flex e-con e-child\" data-id=\"703e107\" data-element_type=\"container\" data-settings=\"{&quot;background_background&quot;:&quot;classic&quot;}\">\n\t\t\t\t<div class=\"elementor-element elementor-element-b484296 elementor-widget-mobile__width-initial elementor-widget__width-initial elementor-widget elementor-widget-image\" data-id=\"b484296\" data-element_type=\"widget\" data-widget_type=\"image.default\">\n\t\t\t\t\t\t\t\t\t\t\t\t\t\t\t<img fetchpriority=\"high\" decoding=\"async\" width=\"512\" height=\"512\" src=\"https:\/\/aguasdejoinville.com.br\/novo\/wp-content\/uploads\/2025\/08\/cropped-faviconY.jpg\" class=\"attachment-large size-large wp-image-5851\" alt=\"\" srcset=\"https:\/\/aguasdejoinville.com.br\/novo\/wp-content\/uploads\/2025\/08\/cropped-faviconY.jpg 512w, https:\/\/aguasdejoinville.com.br\/novo\/wp-content\/uploads\/2025\/08\/cropped-faviconY-300x300.jpg 300w, https:\/\/aguasdejoinville.com.br\/novo\/wp-content\/uploads\/2025\/08\/cropped-faviconY-150x150.jpg 150w, https:\/\/aguasdejoinville.com.br\/novo\/wp-content\/uploads\/2025\/08\/cropped-faviconY-12x12.jpg 12w, https:\/\/aguasdejoinville.com.br\/novo\/wp-content\/uploads\/2025\/08\/cropped-faviconY-450x450.jpg 450w, https:\/\/aguasdejoinville.com.br\/novo\/wp-content\/uploads\/2025\/08\/cropped-faviconY-270x270.jpg 270w, https:\/\/aguasdejoinville.com.br\/novo\/wp-content\/uploads\/2025\/08\/cropped-faviconY-192x192.jpg 192w, https:\/\/aguasdejoinville.com.br\/novo\/wp-content\/uploads\/2025\/08\/cropped-faviconY-180x180.jpg 180w, https:\/\/aguasdejoinville.com.br\/novo\/wp-content\/uploads\/2025\/08\/cropped-faviconY-32x32.jpg 32w\" sizes=\"(max-width: 512px) 100vw, 512px\" \/>\t\t\t\t\t\t\t\t\t\t\t\t\t\t\t<\/div>\n\t\t<div class=\"elementor-element elementor-element-f29bcd8 e-con-full e-flex e-con e-child\" data-id=\"f29bcd8\" data-element_type=\"container\">\n\t\t\t\t<div class=\"elementor-element elementor-element-37f8c11 elementor-widget__width-initial elementor-widget elementor-widget-heading\" data-id=\"37f8c11\" data-element_type=\"widget\" data-widget_type=\"heading.default\">\n\t\t\t\t\t<h3 class=\"elementor-heading-title elementor-size-default\">Christian Chermak<\/h3>\t\t\t\t<\/div>\n\t\t\t\t<\/div>\n\t\t\t\t<\/div>\n\t\t\t\t<div class=\"elementor-element elementor-element-0815cf6 elementor-widget elementor-widget-n-accordion\" data-id=\"0815cf6\" data-element_type=\"widget\" data-settings=\"{&quot;default_state&quot;:&quot;all_collapsed&quot;,&quot;max_items_expended&quot;:&quot;one&quot;,&quot;n_accordion_animation_duration&quot;:{&quot;unit&quot;:&quot;ms&quot;,&quot;size&quot;:400,&quot;sizes&quot;:[]}}\" data-widget_type=\"nested-accordion.default\">\n\t\t\t\t\t\t\t<div class=\"e-n-accordion\" aria-label=\"Accordion. Open links with Enter or Space, close with Escape, and navigate with Arrow Keys\">\n\t\t\t\t\t\t<details id=\"e-n-accordion-item-8470\" class=\"e-n-accordion-item\" >\n\t\t\t\t<summary class=\"e-n-accordion-item-title\" data-accordion-index=\"1\" tabindex=\"0\" aria-expanded=\"false\" aria-controls=\"e-n-accordion-item-8470\" >\n\t\t\t\t\t<span class='e-n-accordion-item-title-header'><div class=\"e-n-accordion-item-title-text\"> Curr\u00edculo <\/div><\/span>\n\t\t\t\t\t\t\t<span class='e-n-accordion-item-title-icon'>\n\t\t\t<span class='e-opened' ><svg aria-hidden=\"true\" class=\"e-font-icon-svg e-fas-minus\" viewBox=\"0 0 448 512\" xmlns=\"http:\/\/www.w3.org\/2000\/svg\"><path d=\"M416 208H32c-17.67 0-32 14.33-32 32v32c0 17.67 14.33 32 32 32h384c17.67 0 32-14.33 32-32v-32c0-17.67-14.33-32-32-32z\"><\/path><\/svg><\/span>\n\t\t\t<span class='e-closed'><svg aria-hidden=\"true\" class=\"e-font-icon-svg e-fas-plus\" viewBox=\"0 0 448 512\" xmlns=\"http:\/\/www.w3.org\/2000\/svg\"><path d=\"M416 208H272V64c0-17.67-14.33-32-32-32h-32c-17.67 0-32 14.33-32 32v144H32c-17.67 0-32 14.33-32 32v32c0 17.67 14.33 32 32 32h144v144c0 17.67 14.33 32 32 32h32c17.67 0 32-14.33 32-32V304h144c17.67 0 32-14.33 32-32v-32c0-17.67-14.33-32-32-32z\"><\/path><\/svg><\/span>\n\t\t<\/span>\n\n\t\t\t\t\t\t<\/summary>\n\t\t\t\t<div role=\"region\" aria-labelledby=\"e-n-accordion-item-8470\" class=\"elementor-element elementor-element-92b72f4 e-con-full e-flex e-con e-child\" data-id=\"92b72f4\" data-element_type=\"container\">\n\t\t\t\t<div class=\"elementor-element elementor-element-d15aaca elementor-widget elementor-widget-text-editor\" data-id=\"d15aaca\" data-element_type=\"widget\" data-widget_type=\"text-editor.default\">\n\t\t\t\t\t\t\t\t\t<p>Bacharel em Ci\u00eancias Cont\u00e1beis pela Universidade do Contestado (UNC). P\u00f3s-graduado em Gest\u00e3o P\u00fablica pela FACEL; Forma\u00e7\u00e3o continuada em\u00a0Auditoria Interna\u00a0pela Cat\u00f3licaSC. Aperfei\u00e7oamentos promovidos pelo\u00a0TCE\/SC, CRC\/SC e STN.<\/p>\n<p><strong>Experi\u00eancia Profissional<\/strong><\/p>\n<p>Experi\u00eancia de mais de 10 anos em escrit\u00f3rios cont\u00e1beis. Atualmente, atua na Ger\u00eancia de Contadoria Geral da Prefeitura Municipal de Joinville, onde tamb\u00e9m atuou como\u00a0Contador respons\u00e1vel pelo setor de conv\u00eanios;\u00a0Contador respons\u00e1vel pela elabora\u00e7\u00e3o, an\u00e1lise e confer\u00eancia dos anexos da Lei de Responsabilidade Fiscal e balan\u00e7o consolidado do Munic\u00edpio;\u00a0Coordenador da \u00c1rea de Auditoria e Normatiza\u00e7\u00e3o Cont\u00e1bil e, ainda,\u00a0L\u00edder de \u00c1rea de Governan\u00e7a, Risco e Conformidade.<\/p>\n\t\t\t\t\t\t\t\t<\/div>\n\t\t\t\t<\/div>\n\t\t\t\t\t<\/details>\n\t\t\t\t\t<\/div>\n\t\t\t\t\t\t<\/div>\n\t\t\t\t<\/div>\n\t\t\t\t\t<\/div>\n\t\t\t\t<\/div>\n\t\t\t\t<\/div>\n\t\t<\/div><div class=\"jet-listing-grid__item jet-listing-dynamic-post-61912\" data-post-id=\"61912\"  >\t\t<div data-elementor-type=\"jet-listing-items\" data-elementor-id=\"61686\" class=\"elementor elementor-61686\" data-elementor-post-type=\"jet-engine\">\n\t\t\t\t<div class=\"elementor-element elementor-element-4f91df1 e-flex e-con-boxed e-con e-parent\" data-id=\"4f91df1\" data-element_type=\"container\">\n\t\t\t\t\t<div class=\"e-con-inner\">\n\t\t<div class=\"elementor-element elementor-element-d2d8829 e-con-full e-flex e-con e-child\" data-id=\"d2d8829\" data-element_type=\"container\">\n\t\t<div class=\"elementor-element elementor-element-703e107 e-con-full e-flex e-con e-child\" data-id=\"703e107\" data-element_type=\"container\" data-settings=\"{&quot;background_background&quot;:&quot;classic&quot;}\">\n\t\t\t\t<div class=\"elementor-element elementor-element-b484296 elementor-widget-mobile__width-initial elementor-widget__width-initial elementor-widget elementor-widget-image\" data-id=\"b484296\" data-element_type=\"widget\" data-widget_type=\"image.default\">\n\t\t\t\t\t\t\t\t\t\t\t\t\t\t\t<img fetchpriority=\"high\" decoding=\"async\" width=\"512\" height=\"512\" src=\"https:\/\/aguasdejoinville.com.br\/novo\/wp-content\/uploads\/2025\/08\/cropped-faviconY.jpg\" class=\"attachment-large size-large wp-image-5851\" alt=\"\" srcset=\"https:\/\/aguasdejoinville.com.br\/novo\/wp-content\/uploads\/2025\/08\/cropped-faviconY.jpg 512w, https:\/\/aguasdejoinville.com.br\/novo\/wp-content\/uploads\/2025\/08\/cropped-faviconY-300x300.jpg 300w, https:\/\/aguasdejoinville.com.br\/novo\/wp-content\/uploads\/2025\/08\/cropped-faviconY-150x150.jpg 150w, https:\/\/aguasdejoinville.com.br\/novo\/wp-content\/uploads\/2025\/08\/cropped-faviconY-12x12.jpg 12w, https:\/\/aguasdejoinville.com.br\/novo\/wp-content\/uploads\/2025\/08\/cropped-faviconY-450x450.jpg 450w, https:\/\/aguasdejoinville.com.br\/novo\/wp-content\/uploads\/2025\/08\/cropped-faviconY-270x270.jpg 270w, https:\/\/aguasdejoinville.com.br\/novo\/wp-content\/uploads\/2025\/08\/cropped-faviconY-192x192.jpg 192w, https:\/\/aguasdejoinville.com.br\/novo\/wp-content\/uploads\/2025\/08\/cropped-faviconY-180x180.jpg 180w, https:\/\/aguasdejoinville.com.br\/novo\/wp-content\/uploads\/2025\/08\/cropped-faviconY-32x32.jpg 32w\" sizes=\"(max-width: 512px) 100vw, 512px\" \/>\t\t\t\t\t\t\t\t\t\t\t\t\t\t\t<\/div>\n\t\t<div class=\"elementor-element elementor-element-f29bcd8 e-con-full e-flex e-con e-child\" data-id=\"f29bcd8\" data-element_type=\"container\">\n\t\t\t\t<div class=\"elementor-element elementor-element-37f8c11 elementor-widget__width-initial elementor-widget elementor-widget-heading\" data-id=\"37f8c11\" data-element_type=\"widget\" data-widget_type=\"heading.default\">\n\t\t\t\t\t<h3 class=\"elementor-heading-title elementor-size-default\">Elizia Roberta Mafra<\/h3>\t\t\t\t<\/div>\n\t\t\t\t<\/div>\n\t\t\t\t<\/div>\n\t\t\t\t<div class=\"elementor-element elementor-element-0815cf6 elementor-widget elementor-widget-n-accordion\" data-id=\"0815cf6\" data-element_type=\"widget\" data-settings=\"{&quot;default_state&quot;:&quot;all_collapsed&quot;,&quot;max_items_expended&quot;:&quot;one&quot;,&quot;n_accordion_animation_duration&quot;:{&quot;unit&quot;:&quot;ms&quot;,&quot;size&quot;:400,&quot;sizes&quot;:[]}}\" data-widget_type=\"nested-accordion.default\">\n\t\t\t\t\t\t\t<div class=\"e-n-accordion\" aria-label=\"Accordion. Open links with Enter or Space, close with Escape, and navigate with Arrow Keys\">\n\t\t\t\t\t\t<details id=\"e-n-accordion-item-8470\" class=\"e-n-accordion-item\" >\n\t\t\t\t<summary class=\"e-n-accordion-item-title\" data-accordion-index=\"1\" tabindex=\"0\" aria-expanded=\"false\" aria-controls=\"e-n-accordion-item-8470\" >\n\t\t\t\t\t<span class='e-n-accordion-item-title-header'><div class=\"e-n-accordion-item-title-text\"> Curr\u00edculo <\/div><\/span>\n\t\t\t\t\t\t\t<span class='e-n-accordion-item-title-icon'>\n\t\t\t<span class='e-opened' ><svg aria-hidden=\"true\" class=\"e-font-icon-svg e-fas-minus\" viewBox=\"0 0 448 512\" xmlns=\"http:\/\/www.w3.org\/2000\/svg\"><path d=\"M416 208H32c-17.67 0-32 14.33-32 32v32c0 17.67 14.33 32 32 32h384c17.67 0 32-14.33 32-32v-32c0-17.67-14.33-32-32-32z\"><\/path><\/svg><\/span>\n\t\t\t<span class='e-closed'><svg aria-hidden=\"true\" class=\"e-font-icon-svg e-fas-plus\" viewBox=\"0 0 448 512\" xmlns=\"http:\/\/www.w3.org\/2000\/svg\"><path d=\"M416 208H272V64c0-17.67-14.33-32-32-32h-32c-17.67 0-32 14.33-32 32v144H32c-17.67 0-32 14.33-32 32v32c0 17.67 14.33 32 32 32h144v144c0 17.67 14.33 32 32 32h32c17.67 0 32-14.33 32-32V304h144c17.67 0 32-14.33 32-32v-32c0-17.67-14.33-32-32-32z\"><\/path><\/svg><\/span>\n\t\t<\/span>\n\n\t\t\t\t\t\t<\/summary>\n\t\t\t\t<div role=\"region\" aria-labelledby=\"e-n-accordion-item-8470\" class=\"elementor-element elementor-element-92b72f4 e-con-full e-flex e-con e-child\" data-id=\"92b72f4\" data-element_type=\"container\">\n\t\t\t\t<div class=\"elementor-element elementor-element-d15aaca elementor-widget elementor-widget-text-editor\" data-id=\"d15aaca\" data-element_type=\"widget\" data-widget_type=\"text-editor.default\">\n\t\t\t\t\t\t\t\t\t<p>Bacharel em Ci\u00eancias\u00a0Cont\u00e1beis\u00a0e p\u00f3s-graduada em Engenharia Econ\u00f4mica pela Univille.<\/p>\n<p>Atualmente, \u00e9 gerente de administra\u00e7\u00e3o financeira da Secretaria da Fazenda da Prefeitura Municipal de Joinville. Tamb\u00e9m na prefeitura, foi contadora do Fundo Municipal do Meio Ambiente e do Fundo Municipal de Terras.<\/p>\n<p><strong>Principais experi\u00eancias<\/strong><br \/>\n\u2013 Analista Cont\u00e1bil na RWR Log\u00edstica e Distribui\u00e7\u00e3o Ltda;<br \/>\n\u2013 Analista Cont\u00e1bil da TOTVS \/ Exato Gest\u00e3o Administrativa Ltda.<\/p>\n\t\t\t\t\t\t\t\t<\/div>\n\t\t\t\t<\/div>\n\t\t\t\t\t<\/details>\n\t\t\t\t\t<\/div>\n\t\t\t\t\t\t<\/div>\n\t\t\t\t<\/div>\n\t\t\t\t\t<\/div>\n\t\t\t\t<\/div>\n\t\t\t\t<\/div>\n\t\t<\/div><div class=\"jet-listing-grid__item jet-listing-dynamic-post-61913\" data-post-id=\"61913\"  >\t\t<div data-elementor-type=\"jet-listing-items\" data-elementor-id=\"61686\" class=\"elementor elementor-61686\" data-elementor-post-type=\"jet-engine\">\n\t\t\t\t<div class=\"elementor-element elementor-element-4f91df1 e-flex e-con-boxed e-con e-parent\" data-id=\"4f91df1\" data-element_type=\"container\">\n\t\t\t\t\t<div class=\"e-con-inner\">\n\t\t<div class=\"elementor-element elementor-element-d2d8829 e-con-full e-flex e-con e-child\" data-id=\"d2d8829\" data-element_type=\"container\">\n\t\t<div class=\"elementor-element elementor-element-703e107 e-con-full e-flex e-con e-child\" data-id=\"703e107\" data-element_type=\"container\" data-settings=\"{&quot;background_background&quot;:&quot;classic&quot;}\">\n\t\t\t\t<div class=\"elementor-element elementor-element-b484296 elementor-widget-mobile__width-initial elementor-widget__width-initial elementor-widget elementor-widget-image\" data-id=\"b484296\" data-element_type=\"widget\" data-widget_type=\"image.default\">\n\t\t\t\t\t\t\t\t\t\t\t\t\t\t\t<img fetchpriority=\"high\" decoding=\"async\" width=\"512\" height=\"512\" src=\"https:\/\/aguasdejoinville.com.br\/novo\/wp-content\/uploads\/2025\/08\/cropped-faviconY.jpg\" class=\"attachment-large size-large wp-image-5851\" alt=\"\" srcset=\"https:\/\/aguasdejoinville.com.br\/novo\/wp-content\/uploads\/2025\/08\/cropped-faviconY.jpg 512w, https:\/\/aguasdejoinville.com.br\/novo\/wp-content\/uploads\/2025\/08\/cropped-faviconY-300x300.jpg 300w, https:\/\/aguasdejoinville.com.br\/novo\/wp-content\/uploads\/2025\/08\/cropped-faviconY-150x150.jpg 150w, https:\/\/aguasdejoinville.com.br\/novo\/wp-content\/uploads\/2025\/08\/cropped-faviconY-12x12.jpg 12w, https:\/\/aguasdejoinville.com.br\/novo\/wp-content\/uploads\/2025\/08\/cropped-faviconY-450x450.jpg 450w, https:\/\/aguasdejoinville.com.br\/novo\/wp-content\/uploads\/2025\/08\/cropped-faviconY-270x270.jpg 270w, https:\/\/aguasdejoinville.com.br\/novo\/wp-content\/uploads\/2025\/08\/cropped-faviconY-192x192.jpg 192w, https:\/\/aguasdejoinville.com.br\/novo\/wp-content\/uploads\/2025\/08\/cropped-faviconY-180x180.jpg 180w, https:\/\/aguasdejoinville.com.br\/novo\/wp-content\/uploads\/2025\/08\/cropped-faviconY-32x32.jpg 32w\" sizes=\"(max-width: 512px) 100vw, 512px\" \/>\t\t\t\t\t\t\t\t\t\t\t\t\t\t\t<\/div>\n\t\t<div class=\"elementor-element elementor-element-f29bcd8 e-con-full e-flex e-con e-child\" data-id=\"f29bcd8\" data-element_type=\"container\">\n\t\t\t\t<div class=\"elementor-element elementor-element-37f8c11 elementor-widget__width-initial elementor-widget elementor-widget-heading\" data-id=\"37f8c11\" data-element_type=\"widget\" data-widget_type=\"heading.default\">\n\t\t\t\t\t<h3 class=\"elementor-heading-title elementor-size-default\">Maria Cristina dos Santos de Sant\u2019Ana<\/h3>\t\t\t\t<\/div>\n\t\t\t\t<\/div>\n\t\t\t\t<\/div>\n\t\t\t\t<div class=\"elementor-element elementor-element-0815cf6 elementor-widget elementor-widget-n-accordion\" data-id=\"0815cf6\" data-element_type=\"widget\" data-settings=\"{&quot;default_state&quot;:&quot;all_collapsed&quot;,&quot;max_items_expended&quot;:&quot;one&quot;,&quot;n_accordion_animation_duration&quot;:{&quot;unit&quot;:&quot;ms&quot;,&quot;size&quot;:400,&quot;sizes&quot;:[]}}\" data-widget_type=\"nested-accordion.default\">\n\t\t\t\t\t\t\t<div class=\"e-n-accordion\" aria-label=\"Accordion. Open links with Enter or Space, close with Escape, and navigate with Arrow Keys\">\n\t\t\t\t\t\t<details id=\"e-n-accordion-item-8470\" class=\"e-n-accordion-item\" >\n\t\t\t\t<summary class=\"e-n-accordion-item-title\" data-accordion-index=\"1\" tabindex=\"0\" aria-expanded=\"false\" aria-controls=\"e-n-accordion-item-8470\" >\n\t\t\t\t\t<span class='e-n-accordion-item-title-header'><div class=\"e-n-accordion-item-title-text\"> Curr\u00edculo <\/div><\/span>\n\t\t\t\t\t\t\t<span class='e-n-accordion-item-title-icon'>\n\t\t\t<span class='e-opened' ><svg aria-hidden=\"true\" class=\"e-font-icon-svg e-fas-minus\" viewBox=\"0 0 448 512\" xmlns=\"http:\/\/www.w3.org\/2000\/svg\"><path d=\"M416 208H32c-17.67 0-32 14.33-32 32v32c0 17.67 14.33 32 32 32h384c17.67 0 32-14.33 32-32v-32c0-17.67-14.33-32-32-32z\"><\/path><\/svg><\/span>\n\t\t\t<span class='e-closed'><svg aria-hidden=\"true\" class=\"e-font-icon-svg e-fas-plus\" viewBox=\"0 0 448 512\" xmlns=\"http:\/\/www.w3.org\/2000\/svg\"><path d=\"M416 208H272V64c0-17.67-14.33-32-32-32h-32c-17.67 0-32 14.33-32 32v144H32c-17.67 0-32 14.33-32 32v32c0 17.67 14.33 32 32 32h144v144c0 17.67 14.33 32 32 32h32c17.67 0 32-14.33 32-32V304h144c17.67 0 32-14.33 32-32v-32c0-17.67-14.33-32-32-32z\"><\/path><\/svg><\/span>\n\t\t<\/span>\n\n\t\t\t\t\t\t<\/summary>\n\t\t\t\t<div role=\"region\" aria-labelledby=\"e-n-accordion-item-8470\" class=\"elementor-element elementor-element-92b72f4 e-con-full e-flex e-con e-child\" data-id=\"92b72f4\" data-element_type=\"container\">\n\t\t\t\t<div class=\"elementor-element elementor-element-d15aaca elementor-widget elementor-widget-text-editor\" data-id=\"d15aaca\" data-element_type=\"widget\" data-widget_type=\"text-editor.default\">\n\t\t\t\t\t\t\t\t\t<p>Bacharel em Ci\u00eancias Jur\u00eddicas pela Univille (2006\/2010). P\u00f3s-graduanda em Controladoria (2021\/2022).<\/p>\n<p>Atualmente, \u00e9 Diretora Executiva da Administra\u00e7\u00e3o Tribut\u00e1ria da Secretaria da Fazendo na Prefeitura Municipal de Joinville (desde 2016), onde tamb\u00e9m atuou como\u00a0Coordenadora da \u00c1rea de Gest\u00e3o da D\u00edvida Ativa (02\/2009 a 01\/2016) e Agente Administrativa (05\/2003 a 01\/2009).<\/p>\n<p><strong>Principais experi\u00eancias<\/strong><br \/>\n\u2013 Gest\u00e3o na Diretoria de Administra\u00e7\u00e3o Tribut\u00e1ria da Secretaria da Fazenda Municipal Joinville;<br \/>\n\u2013 Remodelagem e implanta\u00e7\u00e3o dos processos eletr\u00f4nicos na \u00e1rea fiscal;<br \/>\n\u2013 Revis\u00e3o da legisla\u00e7\u00e3o tribut\u00e1ria<br \/>\n\u2013 Membro do Conselho da cidade.<\/p>\n\t\t\t\t\t\t\t\t<\/div>\n\t\t\t\t<\/div>\n\t\t\t\t\t<\/details>\n\t\t\t\t\t<\/div>\n\t\t\t\t\t\t<\/div>\n\t\t\t\t<\/div>\n\t\t\t\t\t<\/div>\n\t\t\t\t<\/div>\n\t\t\t\t<\/div>\n\t\t<\/div><\/div><\/div>\t\t\t\t<\/div>\n\t\t\t\t<div class=\"elementor-element elementor-element-93e8061 elementor-icon-list--layout-traditional elementor-list-item-link-full_width elementor-widget elementor-widget-icon-list\" data-id=\"93e8061\" data-element_type=\"widget\" data-widget_type=\"icon-list.default\">\n\t\t\t\t\t\t\t<ul class=\"elementor-icon-list-items\">\n\t\t\t\t\t\t\t<li class=\"elementor-icon-list-item\">\n\t\t\t\t\t\t\t\t\t\t\t<a href=\"https:\/\/www.aguasdejoinville.com.br\/novo\/atas-companhia-aguas-de-joinville\/\" target=\"_blank\">\n\n\t\t\t\t\t\t\t\t\t\t\t\t<span class=\"elementor-icon-list-icon\">\n\t\t\t\t\t\t\t<svg aria-hidden=\"true\" class=\"e-font-icon-svg e-fas-long-arrow-alt-right\" viewBox=\"0 0 448 512\" xmlns=\"http:\/\/www.w3.org\/2000\/svg\"><path d=\"M313.941 216H12c-6.627 0-12 5.373-12 12v56c0 6.627 5.373 12 12 12h301.941v46.059c0 21.382 25.851 32.09 40.971 16.971l86.059-86.059c9.373-9.373 9.373-24.569 0-33.941l-86.059-86.059c-15.119-15.119-40.971-4.411-40.971 16.971V216z\"><\/path><\/svg>\t\t\t\t\t\t<\/span>\n\t\t\t\t\t\t\t\t\t\t<span class=\"elementor-icon-list-text\">Veja tamb\u00e9m Atas - Compainha \u00c1guas de Joinville<\/span>\n\t\t\t\t\t\t\t\t\t\t\t<\/a>\n\t\t\t\t\t\t\t\t\t<\/li>\n\t\t\t\t\t\t<\/ul>\n\t\t\t\t\t\t<\/div>\n\t\t\t\t\t<\/div>\n\t\t\t\t<\/div>\n\t\t\t\t<\/div>\n\t\t","protected":false},"excerpt":{"rendered":"<p>Tempo de mandato:\u00a0Dois anos, sendo permitidas duas recondu\u00e7\u00f5es (de dois anos cada, totalizando at\u00e9 seis anos de mandato) Data da elei\u00e7\u00e3o: 24\/04\/2024 Vig\u00eancia: 24\/04\/2026 ou at\u00e9 a Assembleia Geral Ordin\u00e1ria de 2026 que deliberar sobre as contas relativas ao exerc\u00edcio a ser encerrado em 31 de dezembro de 2025. Regimento interno do Conselho Fiscal Ata<\/p>\n","protected":false},"author":1,"featured_media":0,"comment_status":"open","ping_status":"open","sticky":false,"template":"","format":"standard","meta":{"_acf_changed":false,"footnotes":""},"categories":[80],"tags":[],"class_list":["post-61894","post","type-post","status-publish","format-standard","category-conselhos-comites-e-diretoria"],"acf":[],"_links":{"self":[{"href":"https:\/\/aguasdejoinville.com.br\/novo\/wp-json\/wp\/v2\/posts\/61894","targetHints":{"allow":["GET"]}}],"collection":[{"href":"https:\/\/aguasdejoinville.com.br\/novo\/wp-json\/wp\/v2\/posts"}],"about":[{"href":"https:\/\/aguasdejoinville.com.br\/novo\/wp-json\/wp\/v2\/types\/post"}],"author":[{"embeddable":true,"href":"https:\/\/aguasdejoinville.com.br\/novo\/wp-json\/wp\/v2\/users\/1"}],"replies":[{"embeddable":true,"href":"https:\/\/aguasdejoinville.com.br\/novo\/wp-json\/wp\/v2\/comments?post=61894"}],"version-history":[{"count":40,"href":"https:\/\/aguasdejoinville.com.br\/novo\/wp-json\/wp\/v2\/posts\/61894\/revisions"}],"predecessor-version":[{"id":65021,"href":"https:\/\/aguasdejoinville.com.br\/novo\/wp-json\/wp\/v2\/posts\/61894\/revisions\/65021"}],"wp:attachment":[{"href":"https:\/\/aguasdejoinville.com.br\/novo\/wp-json\/wp\/v2\/media?parent=61894"}],"wp:term":[{"taxonomy":"category","embeddable":true,"href":"https:\/\/aguasdejoinville.com.br\/novo\/wp-json\/wp\/v2\/categories?post=61894"},{"taxonomy":"post_tag","embeddable":true,"href":"https:\/\/aguasdejoinville.com.br\/novo\/wp-json\/wp\/v2\/tags?post=61894"}],"curies":[{"name":"wp","href":"https:\/\/api.w.org\/{rel}","templated":true}]}}