{"id":61939,"date":"2025-11-26T16:58:28","date_gmt":"2025-11-26T19:58:28","guid":{"rendered":"https:\/\/www.aguasdejoinville.com.br\/novo\/?p=61939"},"modified":"2026-01-30T15:55:51","modified_gmt":"2026-01-30T18:55:51","slug":"comissao-de-etica-cde","status":"publish","type":"post","link":"https:\/\/aguasdejoinville.com.br\/novo\/comissao-de-etica-cde\/","title":{"rendered":"Comiss\u00e3o de \u00c9tica (CDE)"},"content":{"rendered":"\t\t<div data-elementor-type=\"wp-post\" data-elementor-id=\"61939\" class=\"elementor elementor-61939\" data-elementor-post-type=\"post\">\n\t\t\t\t<div class=\"elementor-element elementor-element-4ef0630 e-con-full e-flex e-con e-parent\" data-id=\"4ef0630\" data-element_type=\"container\">\n\t\t\t\t<div class=\"elementor-element elementor-element-a2e5f65 elementor-widget elementor-widget-text-editor\" data-id=\"a2e5f65\" data-element_type=\"widget\" data-widget_type=\"text-editor.default\">\n\t\t\t\t\t\t\t\t\t<p><strong>Tempo de mandato:<\/strong> Dois anos, sendo permitida uma recondu\u00e7\u00e3o (de dois anos, totalizando at\u00e9 quatro anos de mandato).<\/p>\t\t\t\t\t\t\t\t<\/div>\n\t\t<div class=\"elementor-element elementor-element-3b8d16e e-con-full e-flex e-con e-child\" data-id=\"3b8d16e\" data-element_type=\"container\">\n\t\t\t\t<div class=\"elementor-element elementor-element-cfe4efb elementor-align-justify elementor-widget__width-initial bth2 elementor-widget elementor-widget-button\" data-id=\"cfe4efb\" data-element_type=\"widget\" data-widget_type=\"button.default\">\n\t\t\t\t\t\t\t\t\t\t<a class=\"elementor-button elementor-button-link elementor-size-sm\" href=\"https:\/\/www.aguasdejoinville.com.br\/novo\/wp-content\/uploads\/2025\/12\/Portaria-de-Instituicao-do-Comite-de-Etica.pdf\" target=\"_blank\">\n\t\t\t\t\t\t<span class=\"elementor-button-content-wrapper\">\n\t\t\t\t\t\t<span class=\"elementor-button-icon\">\n\t\t\t\t<svg aria-hidden=\"true\" class=\"e-font-icon-svg e-fas-download\" viewBox=\"0 0 512 512\" xmlns=\"http:\/\/www.w3.org\/2000\/svg\"><path d=\"M216 0h80c13.3 0 24 10.7 24 24v168h87.7c17.8 0 26.7 21.5 14.1 34.1L269.7 378.3c-7.5 7.5-19.8 7.5-27.3 0L90.1 226.1c-12.6-12.6-3.7-34.1 14.1-34.1H192V24c0-13.3 10.7-24 24-24zm296 376v112c0 13.3-10.7 24-24 24H24c-13.3 0-24-10.7-24-24V376c0-13.3 10.7-24 24-24h146.7l49 49c20.1 20.1 52.5 20.1 72.6 0l49-49H488c13.3 0 24 10.7 24 24zm-124 88c0-11-9-20-20-20s-20 9-20 20 9 20 20 20 20-9 20-20zm64 0c0-11-9-20-20-20s-20 9-20 20 9 20 20 20 20-9 20-20z\"><\/path><\/svg>\t\t\t<\/span>\n\t\t\t\t\t\t\t\t\t<span class=\"elementor-button-text\">Portaria de Institui\u00e7\u00e3o do Comit\u00ea de \u00c9tica<\/span>\n\t\t\t\t\t<\/span>\n\t\t\t\t\t<\/a>\n\t\t\t\t\t\t\t\t<\/div>\n\t\t\t\t<div class=\"elementor-element elementor-element-95dc0b2 elementor-align-justify elementor-widget__width-initial bth2 elementor-widget elementor-widget-button\" data-id=\"95dc0b2\" data-element_type=\"widget\" data-widget_type=\"button.default\">\n\t\t\t\t\t\t\t\t\t\t<a class=\"elementor-button elementor-button-link elementor-size-sm\" href=\"https:\/\/www.aguasdejoinville.com.br\/novo\/wp-content\/uploads\/2025\/12\/Portaria-de-substituicao-dos-membros-da-Comissao-de-Etica.pdf\" target=\"_blank\">\n\t\t\t\t\t\t<span class=\"elementor-button-content-wrapper\">\n\t\t\t\t\t\t<span class=\"elementor-button-icon\">\n\t\t\t\t<svg aria-hidden=\"true\" class=\"e-font-icon-svg e-fas-download\" viewBox=\"0 0 512 512\" xmlns=\"http:\/\/www.w3.org\/2000\/svg\"><path d=\"M216 0h80c13.3 0 24 10.7 24 24v168h87.7c17.8 0 26.7 21.5 14.1 34.1L269.7 378.3c-7.5 7.5-19.8 7.5-27.3 0L90.1 226.1c-12.6-12.6-3.7-34.1 14.1-34.1H192V24c0-13.3 10.7-24 24-24zm296 376v112c0 13.3-10.7 24-24 24H24c-13.3 0-24-10.7-24-24V376c0-13.3 10.7-24 24-24h146.7l49 49c20.1 20.1 52.5 20.1 72.6 0l49-49H488c13.3 0 24 10.7 24 24zm-124 88c0-11-9-20-20-20s-20 9-20 20 9 20 20 20 20-9 20-20zm64 0c0-11-9-20-20-20s-20 9-20 20 9 20 20 20 20-9 20-20z\"><\/path><\/svg>\t\t\t<\/span>\n\t\t\t\t\t\t\t\t\t<span class=\"elementor-button-text\">Portaria de substitui\u00e7\u00e3o dos membros da Comiss\u00e3o de \u00c9tica<\/span>\n\t\t\t\t\t<\/span>\n\t\t\t\t\t<\/a>\n\t\t\t\t\t\t\t\t<\/div>\n\t\t\t\t<div class=\"elementor-element elementor-element-44bfdb5 elementor-align-justify elementor-widget__width-initial bth2 elementor-widget elementor-widget-button\" data-id=\"44bfdb5\" data-element_type=\"widget\" data-widget_type=\"button.default\">\n\t\t\t\t\t\t\t\t\t\t<a class=\"elementor-button elementor-button-link elementor-size-sm\" href=\"https:\/\/www.aguasdejoinville.com.br\/novo\/wp-content\/uploads\/2025\/12\/ATA_DA_PRIMEIRA_REUNIA\u0303O_DA_NOVA_DIRETORIA_DA_ASSOCIAC\u0327A\u0303O_COMERCIAL_DA_PARAI\u0301BA_-_editado21.pdf\" target=\"_blank\">\n\t\t\t\t\t\t<span class=\"elementor-button-content-wrapper\">\n\t\t\t\t\t\t<span class=\"elementor-button-icon\">\n\t\t\t\t<svg aria-hidden=\"true\" class=\"e-font-icon-svg e-fas-download\" viewBox=\"0 0 512 512\" xmlns=\"http:\/\/www.w3.org\/2000\/svg\"><path d=\"M216 0h80c13.3 0 24 10.7 24 24v168h87.7c17.8 0 26.7 21.5 14.1 34.1L269.7 378.3c-7.5 7.5-19.8 7.5-27.3 0L90.1 226.1c-12.6-12.6-3.7-34.1 14.1-34.1H192V24c0-13.3 10.7-24 24-24zm296 376v112c0 13.3-10.7 24-24 24H24c-13.3 0-24-10.7-24-24V376c0-13.3 10.7-24 24-24h146.7l49 49c20.1 20.1 52.5 20.1 72.6 0l49-49H488c13.3 0 24 10.7 24 24zm-124 88c0-11-9-20-20-20s-20 9-20 20 9 20 20 20 20-9 20-20zm64 0c0-11-9-20-20-20s-20 9-20 20 9 20 20 20 20-9 20-20z\"><\/path><\/svg>\t\t\t<\/span>\n\t\t\t\t\t\t\t\t\t<span class=\"elementor-button-text\">Regimento Interno do Comit\u00ea de \u00c9tica<\/span>\n\t\t\t\t\t<\/span>\n\t\t\t\t\t<\/a>\n\t\t\t\t\t\t\t\t<\/div>\n\t\t\t\t<div class=\"elementor-element elementor-element-160b684 elementor-align-justify elementor-widget__width-initial bth2 elementor-widget elementor-widget-button\" data-id=\"160b684\" data-element_type=\"widget\" data-widget_type=\"button.default\">\n\t\t\t\t\t\t\t\t\t\t<a class=\"elementor-button elementor-button-link elementor-size-sm\" href=\"https:\/\/www.aguasdejoinville.com.br\/novo\/wp-content\/uploads\/2025\/12\/Manual-de-Apuracao-do-Comite-de-Etica.pdf\">\n\t\t\t\t\t\t<span class=\"elementor-button-content-wrapper\">\n\t\t\t\t\t\t<span class=\"elementor-button-icon\">\n\t\t\t\t<svg aria-hidden=\"true\" class=\"e-font-icon-svg e-fas-download\" viewBox=\"0 0 512 512\" xmlns=\"http:\/\/www.w3.org\/2000\/svg\"><path d=\"M216 0h80c13.3 0 24 10.7 24 24v168h87.7c17.8 0 26.7 21.5 14.1 34.1L269.7 378.3c-7.5 7.5-19.8 7.5-27.3 0L90.1 226.1c-12.6-12.6-3.7-34.1 14.1-34.1H192V24c0-13.3 10.7-24 24-24zm296 376v112c0 13.3-10.7 24-24 24H24c-13.3 0-24-10.7-24-24V376c0-13.3 10.7-24 24-24h146.7l49 49c20.1 20.1 52.5 20.1 72.6 0l49-49H488c13.3 0 24 10.7 24 24zm-124 88c0-11-9-20-20-20s-20 9-20 20 9 20 20 20 20-9 20-20zm64 0c0-11-9-20-20-20s-20 9-20 20 9 20 20 20 20-9 20-20z\"><\/path><\/svg>\t\t\t<\/span>\n\t\t\t\t\t\t\t\t\t<span class=\"elementor-button-text\">Manual de Apura\u00e7\u00e3o do Comit\u00ea de \u00c9tica<\/span>\n\t\t\t\t\t<\/span>\n\t\t\t\t\t<\/a>\n\t\t\t\t\t\t\t\t<\/div>\n\t\t\t\t<\/div>\n\t\t\t\t<div class=\"elementor-element elementor-element-59a84ec elementor-widget elementor-widget-text-editor\" data-id=\"59a84ec\" data-element_type=\"widget\" data-widget_type=\"text-editor.default\">\n\t\t\t\t\t\t\t\t\t<p class=\"Texto_Justificado_Recuo_Primeira_Linha\" data-c=\"45\"><strong>Membros da Comiss\u00e3o de \u00c9tica \u2013 Mandato 2024\/2026<\/strong>, de acordo com a Portaria de Designa\u00e7\u00e3o n\u00ba 3417\/2024, publicada no Di\u00e1rio Oficial Eletr\u00f4nico do Munic\u00edpio de Joinville n\u00ba 2601, no dia 22\/11\/2024 (<a href=\"https:\/\/www.aguasdejoinville.com.br\/?publicacao=portaria-de-instituicao-do-comite-de-etica\">SEI\u00a0<\/a><span contenteditable=\"false\">0023619255<\/span>), e atualizada pela Portaria n\u00ba 3558\/2025 (<a href=\"https:\/\/www.aguasdejoinville.com.br\/?publicacao=portaria-comissao-de-etica-3558-2025-22-07-2025\">SEI\u00a0<\/a><span contenteditable=\"false\">26195134<\/span>), publicada no Di\u00e1rio Oficial Eletr\u00f4nico do Munic\u00edpio de Joinville n\u00ba 2685, em 22\/07\/2025:<\/p><table border=\"1\" cellspacing=\"1\" cellpadding=\"1\" data-c=\"7\"><tbody><tr><td data-c=\"8\"><p class=\"Tabela_Texto_Alinhado_Esquerda\" data-c=\"9\">Philip Ferraz de Abreu<\/p><\/td><td data-c=\"10\"><p class=\"Tabela_Texto_Centralizado\" data-c=\"11\">Presidente<\/p><\/td><\/tr><tr><td data-c=\"12\"><p class=\"Tabela_Texto_Alinhado_Esquerda\" data-c=\"13\">Mirian Eich Theisen<\/p><\/td><td data-c=\"14\"><p class=\"Tabela_Texto_Centralizado\" data-c=\"15\">Vice-Presidente<\/p><\/td><\/tr><tr><td data-c=\"16\"><p class=\"Tabela_Texto_Alinhado_Esquerda\" data-c=\"17\">Elissa Danielle Silva<\/p><\/td><td data-c=\"18\"><p class=\"Tabela_Texto_Centralizado\" data-c=\"19\">Membro<\/p><\/td><\/tr><tr><td data-c=\"20\"><p class=\"Tabela_Texto_Alinhado_Esquerda\" data-c=\"21\">Fabiane Schneider<\/p><\/td><td data-c=\"22\"><p class=\"Tabela_Texto_Centralizado\" data-c=\"23\">Membro<\/p><\/td><\/tr><tr><td data-c=\"24\"><p class=\"Tabela_Texto_Alinhado_Esquerda\" data-c=\"25\">Giorgio Jose Capozzoli Diniz<\/p><\/td><td data-c=\"26\"><p class=\"Tabela_Texto_Centralizado\" data-c=\"27\">Membro<\/p><\/td><\/tr><tr><td data-c=\"28\"><p class=\"Tabela_Texto_Alinhado_Esquerda\" data-c=\"29\">Thiago Ferraza Nunes<\/p><\/td><td data-c=\"30\"><p class=\"Tabela_Texto_Centralizado\" data-c=\"31\">Membro<\/p><\/td><\/tr><\/tbody><\/table>\t\t\t\t\t\t\t\t<\/div>\n\t\t\t\t<\/div>\n\t\t\t\t<\/div>\n\t\t","protected":false},"excerpt":{"rendered":"<p>Tempo de mandato: Dois anos, sendo permitida uma recondu\u00e7\u00e3o (de dois anos, totalizando at\u00e9 quatro anos de mandato). Portaria de Institui\u00e7\u00e3o do Comit\u00ea de \u00c9tica Portaria de substitui\u00e7\u00e3o dos membros da Comiss\u00e3o de \u00c9tica Regimento Interno do Comit\u00ea de \u00c9tica Manual de Apura\u00e7\u00e3o do Comit\u00ea de \u00c9tica Membros da Comiss\u00e3o de \u00c9tica \u2013 Mandato 2024\/2026,<\/p>\n","protected":false},"author":1,"featured_media":0,"comment_status":"open","ping_status":"open","sticky":false,"template":"","format":"standard","meta":{"_acf_changed":false,"footnotes":""},"categories":[80],"tags":[],"class_list":["post-61939","post","type-post","status-publish","format-standard","category-conselhos-comites-e-diretoria"],"acf":[],"_links":{"self":[{"href":"https:\/\/aguasdejoinville.com.br\/novo\/wp-json\/wp\/v2\/posts\/61939","targetHints":{"allow":["GET"]}}],"collection":[{"href":"https:\/\/aguasdejoinville.com.br\/novo\/wp-json\/wp\/v2\/posts"}],"about":[{"href":"https:\/\/aguasdejoinville.com.br\/novo\/wp-json\/wp\/v2\/types\/post"}],"author":[{"embeddable":true,"href":"https:\/\/aguasdejoinville.com.br\/novo\/wp-json\/wp\/v2\/users\/1"}],"replies":[{"embeddable":true,"href":"https:\/\/aguasdejoinville.com.br\/novo\/wp-json\/wp\/v2\/comments?post=61939"}],"version-history":[{"count":25,"href":"https:\/\/aguasdejoinville.com.br\/novo\/wp-json\/wp\/v2\/posts\/61939\/revisions"}],"predecessor-version":[{"id":62595,"href":"https:\/\/aguasdejoinville.com.br\/novo\/wp-json\/wp\/v2\/posts\/61939\/revisions\/62595"}],"wp:attachment":[{"href":"https:\/\/aguasdejoinville.com.br\/novo\/wp-json\/wp\/v2\/media?parent=61939"}],"wp:term":[{"taxonomy":"category","embeddable":true,"href":"https:\/\/aguasdejoinville.com.br\/novo\/wp-json\/wp\/v2\/categories?post=61939"},{"taxonomy":"post_tag","embeddable":true,"href":"https:\/\/aguasdejoinville.com.br\/novo\/wp-json\/wp\/v2\/tags?post=61939"}],"curies":[{"name":"wp","href":"https:\/\/api.w.org\/{rel}","templated":true}]}}