{"id":62214,"date":"2025-12-29T21:06:12","date_gmt":"2025-12-30T00:06:12","guid":{"rendered":"https:\/\/www.aguasdejoinville.com.br\/novo\/?p=62214"},"modified":"2026-04-28T15:08:33","modified_gmt":"2026-04-28T18:08:33","slug":"comite-elegibilidade","status":"publish","type":"post","link":"https:\/\/aguasdejoinville.com.br\/novo\/comite-elegibilidade\/","title":{"rendered":"Comit\u00ea de Elegibilidade (CEL)"},"content":{"rendered":"\t\t<div data-elementor-type=\"wp-post\" data-elementor-id=\"62214\" class=\"elementor elementor-62214\" data-elementor-post-type=\"post\">\n\t\t\t\t<div class=\"elementor-element elementor-element-f626774 e-flex e-con-boxed e-con e-parent\" data-id=\"f626774\" data-element_type=\"container\">\n\t\t\t\t\t<div class=\"e-con-inner\">\n\t\t\t\t<div class=\"elementor-element elementor-element-732dd82 elementor-widget elementor-widget-text-editor\" data-id=\"732dd82\" data-element_type=\"widget\" data-widget_type=\"text-editor.default\">\n\t\t\t\t\t\t\t\t\t<p><strong>Tempo de mandato:<\/strong> Dois anos, sendo permitidas duas recondu\u00e7\u00f5es (de dois anos cada, totalizando at\u00e9 seis anos de mandato).<\/p>\t\t\t\t\t\t\t\t<\/div>\n\t\t<div class=\"elementor-element elementor-element-09ffa15 e-con-full e-flex e-con e-child\" data-id=\"09ffa15\" data-element_type=\"container\">\n\t\t\t\t<div class=\"elementor-element elementor-element-b819f4e elementor-align-justify elementor-widget__width-initial bth2 elementor-widget elementor-widget-button\" data-id=\"b819f4e\" data-element_type=\"widget\" data-widget_type=\"button.default\">\n\t\t\t\t\t\t\t\t\t\t<a class=\"elementor-button elementor-button-link elementor-size-sm\" href=\"https:\/\/www.aguasdejoinville.com.br\/novo\/wp-content\/uploads\/2026\/01\/Regimento-interno-do-Comite-de-Elegibilidade-\u2013-Companhia-Aguas-de-Joinville.pdf\" target=\"_blank\">\n\t\t\t\t\t\t<span class=\"elementor-button-content-wrapper\">\n\t\t\t\t\t\t<span class=\"elementor-button-icon\">\n\t\t\t\t<svg aria-hidden=\"true\" class=\"e-font-icon-svg e-fas-download\" viewBox=\"0 0 512 512\" xmlns=\"http:\/\/www.w3.org\/2000\/svg\"><path d=\"M216 0h80c13.3 0 24 10.7 24 24v168h87.7c17.8 0 26.7 21.5 14.1 34.1L269.7 378.3c-7.5 7.5-19.8 7.5-27.3 0L90.1 226.1c-12.6-12.6-3.7-34.1 14.1-34.1H192V24c0-13.3 10.7-24 24-24zm296 376v112c0 13.3-10.7 24-24 24H24c-13.3 0-24-10.7-24-24V376c0-13.3 10.7-24 24-24h146.7l49 49c20.1 20.1 52.5 20.1 72.6 0l49-49H488c13.3 0 24 10.7 24 24zm-124 88c0-11-9-20-20-20s-20 9-20 20 9 20 20 20 20-9 20-20zm64 0c0-11-9-20-20-20s-20 9-20 20 9 20 20 20 20-9 20-20z\"><\/path><\/svg>\t\t\t<\/span>\n\t\t\t\t\t\t\t\t\t<span class=\"elementor-button-text\">Regimento interno do Comit\u00ea de Elegibilidade<\/span>\n\t\t\t\t\t<\/span>\n\t\t\t\t\t<\/a>\n\t\t\t\t\t\t\t\t<\/div>\n\t\t\t\t<\/div>\n\t\t\t\t<div class=\"elementor-element elementor-element-726f730 elementor-widget elementor-widget-heading\" data-id=\"726f730\" data-element_type=\"widget\" data-widget_type=\"heading.default\">\n\t\t\t\t\t<h2 class=\"elementor-heading-title elementor-size-default\">Membros\n\n<\/h2>\t\t\t\t<\/div>\n\t\t\t\t\t<\/div>\n\t\t\t\t<\/div>\n\t\t<div class=\"elementor-element elementor-element-8d87bdb e-flex e-con-boxed e-con e-parent\" data-id=\"8d87bdb\" data-element_type=\"container\">\n\t\t\t\t\t<div class=\"e-con-inner\">\n\t\t\t\t<div class=\"elementor-element elementor-element-85fd935 elementor-widget elementor-widget-jet-listing-grid\" data-id=\"85fd935\" data-element_type=\"widget\" data-settings=\"{&quot;columns&quot;:&quot;1&quot;}\" data-widget_type=\"jet-listing-grid.default\">\n\t\t\t\t\t<div class=\"jet-listing-grid jet-listing\"><div class=\"jet-listing-grid__items grid-col-desk-1 grid-col-tablet-1 grid-col-mobile-1 jet-listing-grid--61686\" data-queried-id=\"62214|WP_Post\" data-nav=\"{&quot;enabled&quot;:false,&quot;type&quot;:null,&quot;more_el&quot;:null,&quot;query&quot;:[],&quot;widget_settings&quot;:{&quot;lisitng_id&quot;:61686,&quot;posts_num&quot;:10,&quot;columns&quot;:1,&quot;columns_tablet&quot;:1,&quot;columns_mobile&quot;:1,&quot;column_min_width&quot;:240,&quot;column_min_width_tablet&quot;:240,&quot;column_min_width_mobile&quot;:240,&quot;inline_columns_css&quot;:false,&quot;is_archive_template&quot;:&quot;&quot;,&quot;post_status&quot;:[&quot;publish&quot;],&quot;use_random_posts_num&quot;:&quot;&quot;,&quot;max_posts_num&quot;:9,&quot;not_found_message&quot;:&quot;Nenhum dado foi encontrado&quot;,&quot;is_masonry&quot;:false,&quot;equal_columns_height&quot;:&quot;&quot;,&quot;use_load_more&quot;:&quot;&quot;,&quot;load_more_id&quot;:&quot;&quot;,&quot;load_more_type&quot;:&quot;click&quot;,&quot;load_more_offset&quot;:{&quot;unit&quot;:&quot;px&quot;,&quot;size&quot;:0,&quot;sizes&quot;:[]},&quot;use_custom_post_types&quot;:&quot;&quot;,&quot;custom_post_types&quot;:[],&quot;hide_widget_if&quot;:&quot;&quot;,&quot;carousel_enabled&quot;:&quot;&quot;,&quot;slides_to_scroll&quot;:&quot;1&quot;,&quot;arrows&quot;:&quot;true&quot;,&quot;arrow_icon&quot;:&quot;fa fa-angle-left&quot;,&quot;dots&quot;:&quot;&quot;,&quot;autoplay&quot;:&quot;true&quot;,&quot;pause_on_hover&quot;:&quot;true&quot;,&quot;autoplay_speed&quot;:5000,&quot;infinite&quot;:&quot;true&quot;,&quot;center_mode&quot;:&quot;&quot;,&quot;effect&quot;:&quot;slide&quot;,&quot;speed&quot;:500,&quot;inject_alternative_items&quot;:&quot;&quot;,&quot;injection_items&quot;:[],&quot;scroll_slider_enabled&quot;:&quot;&quot;,&quot;scroll_slider_on&quot;:[&quot;desktop&quot;,&quot;tablet&quot;,&quot;mobile&quot;],&quot;custom_query&quot;:false,&quot;custom_query_id&quot;:&quot;&quot;,&quot;_element_id&quot;:&quot;&quot;,&quot;collapse_first_last_gap&quot;:false,&quot;list_tag_selection&quot;:&quot;&quot;,&quot;list_items_wrapper_tag&quot;:&quot;div&quot;,&quot;list_item_tag&quot;:&quot;div&quot;,&quot;empty_items_wrapper_tag&quot;:&quot;div&quot;}}\" data-page=\"1\" data-pages=\"1\" data-listing-source=\"posts\" data-listing-id=\"61686\" data-query-id=\"\"><div class=\"jet-listing-grid__item jet-listing-dynamic-post-61870\" data-post-id=\"61870\"  >\t\t<div data-elementor-type=\"jet-listing-items\" data-elementor-id=\"61686\" class=\"elementor elementor-61686\" data-elementor-post-type=\"jet-engine\">\n\t\t\t\t<div class=\"elementor-element elementor-element-4f91df1 e-flex e-con-boxed e-con e-parent\" data-id=\"4f91df1\" data-element_type=\"container\">\n\t\t\t\t\t<div class=\"e-con-inner\">\n\t\t<div class=\"elementor-element elementor-element-d2d8829 e-con-full e-flex e-con e-child\" data-id=\"d2d8829\" data-element_type=\"container\">\n\t\t<div class=\"elementor-element elementor-element-703e107 e-con-full e-flex e-con e-child\" data-id=\"703e107\" data-element_type=\"container\" data-settings=\"{&quot;background_background&quot;:&quot;classic&quot;}\">\n\t\t\t\t<div class=\"elementor-element elementor-element-b484296 elementor-widget-mobile__width-initial elementor-widget__width-initial elementor-widget elementor-widget-image\" data-id=\"b484296\" data-element_type=\"widget\" data-widget_type=\"image.default\">\n\t\t\t\t\t\t\t\t\t\t\t\t\t\t\t<img fetchpriority=\"high\" decoding=\"async\" width=\"512\" height=\"512\" src=\"https:\/\/aguasdejoinville.com.br\/novo\/wp-content\/uploads\/2025\/08\/cropped-faviconY.jpg\" class=\"attachment-large size-large wp-image-5851\" alt=\"\" srcset=\"https:\/\/aguasdejoinville.com.br\/novo\/wp-content\/uploads\/2025\/08\/cropped-faviconY.jpg 512w, https:\/\/aguasdejoinville.com.br\/novo\/wp-content\/uploads\/2025\/08\/cropped-faviconY-300x300.jpg 300w, https:\/\/aguasdejoinville.com.br\/novo\/wp-content\/uploads\/2025\/08\/cropped-faviconY-150x150.jpg 150w, https:\/\/aguasdejoinville.com.br\/novo\/wp-content\/uploads\/2025\/08\/cropped-faviconY-12x12.jpg 12w, https:\/\/aguasdejoinville.com.br\/novo\/wp-content\/uploads\/2025\/08\/cropped-faviconY-450x450.jpg 450w, https:\/\/aguasdejoinville.com.br\/novo\/wp-content\/uploads\/2025\/08\/cropped-faviconY-270x270.jpg 270w, https:\/\/aguasdejoinville.com.br\/novo\/wp-content\/uploads\/2025\/08\/cropped-faviconY-192x192.jpg 192w, https:\/\/aguasdejoinville.com.br\/novo\/wp-content\/uploads\/2025\/08\/cropped-faviconY-180x180.jpg 180w, https:\/\/aguasdejoinville.com.br\/novo\/wp-content\/uploads\/2025\/08\/cropped-faviconY-32x32.jpg 32w\" sizes=\"(max-width: 512px) 100vw, 512px\" \/>\t\t\t\t\t\t\t\t\t\t\t\t\t\t\t<\/div>\n\t\t<div class=\"elementor-element elementor-element-f29bcd8 e-con-full e-flex e-con e-child\" data-id=\"f29bcd8\" data-element_type=\"container\">\n\t\t\t\t<div class=\"elementor-element elementor-element-37f8c11 elementor-widget__width-initial elementor-widget elementor-widget-heading\" data-id=\"37f8c11\" data-element_type=\"widget\" data-widget_type=\"heading.default\">\n\t\t\t\t\t<h3 class=\"elementor-heading-title elementor-size-default\">Ricardo Mafra<\/h3>\t\t\t\t<\/div>\n\t\t\t\t<\/div>\n\t\t\t\t<\/div>\n\t\t\t\t<div class=\"elementor-element elementor-element-0815cf6 elementor-widget elementor-widget-n-accordion\" data-id=\"0815cf6\" data-element_type=\"widget\" data-settings=\"{&quot;default_state&quot;:&quot;all_collapsed&quot;,&quot;max_items_expended&quot;:&quot;one&quot;,&quot;n_accordion_animation_duration&quot;:{&quot;unit&quot;:&quot;ms&quot;,&quot;size&quot;:400,&quot;sizes&quot;:[]}}\" data-widget_type=\"nested-accordion.default\">\n\t\t\t\t\t\t\t<div class=\"e-n-accordion\" aria-label=\"Accordion. Open links with Enter or Space, close with Escape, and navigate with Arrow Keys\">\n\t\t\t\t\t\t<details id=\"e-n-accordion-item-8470\" class=\"e-n-accordion-item\" >\n\t\t\t\t<summary class=\"e-n-accordion-item-title\" data-accordion-index=\"1\" tabindex=\"0\" aria-expanded=\"false\" aria-controls=\"e-n-accordion-item-8470\" >\n\t\t\t\t\t<span class='e-n-accordion-item-title-header'><div class=\"e-n-accordion-item-title-text\"> Curr\u00edculo <\/div><\/span>\n\t\t\t\t\t\t\t<span class='e-n-accordion-item-title-icon'>\n\t\t\t<span class='e-opened' ><svg aria-hidden=\"true\" class=\"e-font-icon-svg e-fas-minus\" viewBox=\"0 0 448 512\" xmlns=\"http:\/\/www.w3.org\/2000\/svg\"><path d=\"M416 208H32c-17.67 0-32 14.33-32 32v32c0 17.67 14.33 32 32 32h384c17.67 0 32-14.33 32-32v-32c0-17.67-14.33-32-32-32z\"><\/path><\/svg><\/span>\n\t\t\t<span class='e-closed'><svg aria-hidden=\"true\" class=\"e-font-icon-svg e-fas-plus\" viewBox=\"0 0 448 512\" xmlns=\"http:\/\/www.w3.org\/2000\/svg\"><path d=\"M416 208H272V64c0-17.67-14.33-32-32-32h-32c-17.67 0-32 14.33-32 32v144H32c-17.67 0-32 14.33-32 32v32c0 17.67 14.33 32 32 32h144v144c0 17.67 14.33 32 32 32h32c17.67 0 32-14.33 32-32V304h144c17.67 0 32-14.33 32-32v-32c0-17.67-14.33-32-32-32z\"><\/path><\/svg><\/span>\n\t\t<\/span>\n\n\t\t\t\t\t\t<\/summary>\n\t\t\t\t<div role=\"region\" aria-labelledby=\"e-n-accordion-item-8470\" class=\"elementor-element elementor-element-92b72f4 e-con-full e-flex e-con e-child\" data-id=\"92b72f4\" data-element_type=\"container\">\n\t\t\t\t<div class=\"elementor-element elementor-element-d15aaca elementor-widget elementor-widget-text-editor\" data-id=\"d15aaca\" data-element_type=\"widget\" data-widget_type=\"text-editor.default\">\n\t\t\t\t\t\t\t\t\t<p>Empres\u00e1rio, graduado em engenharia mec\u00e2nica pela Universidade do Estado de Santa Catarina (2002). Especialista em Gest\u00e3o Financeira pela FCJ (2010).\u00a0 Mestre em Engenharia da Produ\u00e7\u00e3o pela UNISOCIESC (2018), na linha de pesquisa de Gest\u00e3o de Sistemas Produtivos (Filosofia Lean). Secret\u00e1rio de Administra\u00e7\u00e3o e Planejamento de Joinville. Certificado pela APMG International em Concess\u00f5es e PPPs \u2013 CP3P-F (2021). Administrador da Panificadora Mafra Ltda.<\/p>\n<p>Professor do SENAI Joinville, por 2 anos, nas disciplinas: \u00c1lgebra Linear e Geometria Anal\u00edtica, e Engenharia Econ\u00f4mica nos cursos de Engenharia Mec\u00e2nica e Engenharia da Produ\u00e7\u00e3o.<\/p>\n<p>Professor da Faculdade CNEC Joinville, por 14 anos, no curso de Administra\u00e7\u00e3o nas disciplinas: Matem\u00e1tica, Matem\u00e1tica Financeira, Custos, An\u00e1lise e Forma\u00e7\u00e3o de Pre\u00e7os, Elabora\u00e7\u00e3o e Avalia\u00e7\u00e3o de Projetos, e orientador de trabalhos de conclus\u00e3o de curso. Professor do IELUSC Joinville, por 2 anos, no curso de Administra\u00e7\u00e3o nas disciplinas: C\u00e1lculos Matem\u00e1ticos, Matem\u00e1tica Financeira e Administra\u00e7\u00e3o Financeira<\/p>\n\t\t\t\t\t\t\t\t<\/div>\n\t\t\t\t<\/div>\n\t\t\t\t\t<\/details>\n\t\t\t\t\t<\/div>\n\t\t\t\t\t\t<\/div>\n\t\t\t\t<\/div>\n\t\t\t\t\t<\/div>\n\t\t\t\t<\/div>\n\t\t\t\t<\/div>\n\t\t<\/div><div class=\"jet-listing-grid__item jet-listing-dynamic-post-61871\" data-post-id=\"61871\"  >\t\t<div data-elementor-type=\"jet-listing-items\" data-elementor-id=\"61686\" class=\"elementor elementor-61686\" data-elementor-post-type=\"jet-engine\">\n\t\t\t\t<div class=\"elementor-element elementor-element-4f91df1 e-flex e-con-boxed e-con e-parent\" data-id=\"4f91df1\" data-element_type=\"container\">\n\t\t\t\t\t<div class=\"e-con-inner\">\n\t\t<div class=\"elementor-element elementor-element-d2d8829 e-con-full e-flex e-con e-child\" data-id=\"d2d8829\" data-element_type=\"container\">\n\t\t<div class=\"elementor-element elementor-element-703e107 e-con-full e-flex e-con e-child\" data-id=\"703e107\" data-element_type=\"container\" data-settings=\"{&quot;background_background&quot;:&quot;classic&quot;}\">\n\t\t\t\t<div class=\"elementor-element elementor-element-b484296 elementor-widget-mobile__width-initial elementor-widget__width-initial elementor-widget elementor-widget-image\" data-id=\"b484296\" data-element_type=\"widget\" data-widget_type=\"image.default\">\n\t\t\t\t\t\t\t\t\t\t\t\t\t\t\t<img fetchpriority=\"high\" decoding=\"async\" width=\"512\" height=\"512\" src=\"https:\/\/aguasdejoinville.com.br\/novo\/wp-content\/uploads\/2025\/08\/cropped-faviconY.jpg\" class=\"attachment-large size-large wp-image-5851\" alt=\"\" srcset=\"https:\/\/aguasdejoinville.com.br\/novo\/wp-content\/uploads\/2025\/08\/cropped-faviconY.jpg 512w, https:\/\/aguasdejoinville.com.br\/novo\/wp-content\/uploads\/2025\/08\/cropped-faviconY-300x300.jpg 300w, https:\/\/aguasdejoinville.com.br\/novo\/wp-content\/uploads\/2025\/08\/cropped-faviconY-150x150.jpg 150w, https:\/\/aguasdejoinville.com.br\/novo\/wp-content\/uploads\/2025\/08\/cropped-faviconY-12x12.jpg 12w, https:\/\/aguasdejoinville.com.br\/novo\/wp-content\/uploads\/2025\/08\/cropped-faviconY-450x450.jpg 450w, https:\/\/aguasdejoinville.com.br\/novo\/wp-content\/uploads\/2025\/08\/cropped-faviconY-270x270.jpg 270w, https:\/\/aguasdejoinville.com.br\/novo\/wp-content\/uploads\/2025\/08\/cropped-faviconY-192x192.jpg 192w, https:\/\/aguasdejoinville.com.br\/novo\/wp-content\/uploads\/2025\/08\/cropped-faviconY-180x180.jpg 180w, https:\/\/aguasdejoinville.com.br\/novo\/wp-content\/uploads\/2025\/08\/cropped-faviconY-32x32.jpg 32w\" sizes=\"(max-width: 512px) 100vw, 512px\" \/>\t\t\t\t\t\t\t\t\t\t\t\t\t\t\t<\/div>\n\t\t<div class=\"elementor-element elementor-element-f29bcd8 e-con-full e-flex e-con e-child\" data-id=\"f29bcd8\" data-element_type=\"container\">\n\t\t\t\t<div class=\"elementor-element elementor-element-37f8c11 elementor-widget__width-initial elementor-widget elementor-widget-heading\" data-id=\"37f8c11\" data-element_type=\"widget\" data-widget_type=\"heading.default\">\n\t\t\t\t\t<h3 class=\"elementor-heading-title elementor-size-default\">Gilberto de Souza Leal J\u00fanior<\/h3>\t\t\t\t<\/div>\n\t\t\t\t<\/div>\n\t\t\t\t<\/div>\n\t\t\t\t<div class=\"elementor-element elementor-element-0815cf6 elementor-widget elementor-widget-n-accordion\" data-id=\"0815cf6\" data-element_type=\"widget\" data-settings=\"{&quot;default_state&quot;:&quot;all_collapsed&quot;,&quot;max_items_expended&quot;:&quot;one&quot;,&quot;n_accordion_animation_duration&quot;:{&quot;unit&quot;:&quot;ms&quot;,&quot;size&quot;:400,&quot;sizes&quot;:[]}}\" data-widget_type=\"nested-accordion.default\">\n\t\t\t\t\t\t\t<div class=\"e-n-accordion\" aria-label=\"Accordion. Open links with Enter or Space, close with Escape, and navigate with Arrow Keys\">\n\t\t\t\t\t\t<details id=\"e-n-accordion-item-8470\" class=\"e-n-accordion-item\" >\n\t\t\t\t<summary class=\"e-n-accordion-item-title\" data-accordion-index=\"1\" tabindex=\"0\" aria-expanded=\"false\" aria-controls=\"e-n-accordion-item-8470\" >\n\t\t\t\t\t<span class='e-n-accordion-item-title-header'><div class=\"e-n-accordion-item-title-text\"> Curr\u00edculo <\/div><\/span>\n\t\t\t\t\t\t\t<span class='e-n-accordion-item-title-icon'>\n\t\t\t<span class='e-opened' ><svg aria-hidden=\"true\" class=\"e-font-icon-svg e-fas-minus\" viewBox=\"0 0 448 512\" xmlns=\"http:\/\/www.w3.org\/2000\/svg\"><path d=\"M416 208H32c-17.67 0-32 14.33-32 32v32c0 17.67 14.33 32 32 32h384c17.67 0 32-14.33 32-32v-32c0-17.67-14.33-32-32-32z\"><\/path><\/svg><\/span>\n\t\t\t<span class='e-closed'><svg aria-hidden=\"true\" class=\"e-font-icon-svg e-fas-plus\" viewBox=\"0 0 448 512\" xmlns=\"http:\/\/www.w3.org\/2000\/svg\"><path d=\"M416 208H272V64c0-17.67-14.33-32-32-32h-32c-17.67 0-32 14.33-32 32v144H32c-17.67 0-32 14.33-32 32v32c0 17.67 14.33 32 32 32h144v144c0 17.67 14.33 32 32 32h32c17.67 0 32-14.33 32-32V304h144c17.67 0 32-14.33 32-32v-32c0-17.67-14.33-32-32-32z\"><\/path><\/svg><\/span>\n\t\t<\/span>\n\n\t\t\t\t\t\t<\/summary>\n\t\t\t\t<div role=\"region\" aria-labelledby=\"e-n-accordion-item-8470\" class=\"elementor-element elementor-element-92b72f4 e-con-full e-flex e-con e-child\" data-id=\"92b72f4\" data-element_type=\"container\">\n\t\t\t\t<div class=\"elementor-element elementor-element-d15aaca elementor-widget elementor-widget-text-editor\" data-id=\"d15aaca\" data-element_type=\"widget\" data-widget_type=\"text-editor.default\">\n\t\t\t\t\t\t\t\t\t<p>Formado em Direito pela Faculdade em Ci\u00eancias Jur\u00eddicas \u2013 Direito Univille e, p\u00f3s-graduado em Direito do Trabalho e Processual do Trabalho pela Associa\u00e7\u00e3o dos Magistrados Trabalhistas (AMATRA)\u00a0 \u2013 Florian\u00f3polis. Tamb\u00e9m \u00e9 graduado na Faculdade Tecnologia da Informa\u00e7\u00e3o \u2013 UTESC. Tamb\u00e9m fez curso T\u00e9cnico em Metalurgia pela Escola T\u00e9cnica Tupy e T\u00e9cnico em Inform\u00e1tica pela Nova Era. Al\u00e9m de diversos cursos livres, semin\u00e1rios, palestras sobre administra\u00e7\u00e3o, lideran\u00e7a e diversos congressos na \u00e1rea de direito durante toda a carreira.<\/p>\n\t\t\t\t\t\t\t\t<\/div>\n\t\t\t\t<\/div>\n\t\t\t\t\t<\/details>\n\t\t\t\t\t<\/div>\n\t\t\t\t\t\t<\/div>\n\t\t\t\t<\/div>\n\t\t\t\t\t<\/div>\n\t\t\t\t<\/div>\n\t\t\t\t<\/div>\n\t\t<\/div><div class=\"jet-listing-grid__item jet-listing-dynamic-post-61872\" data-post-id=\"61872\"  >\t\t<div data-elementor-type=\"jet-listing-items\" data-elementor-id=\"61686\" class=\"elementor elementor-61686\" data-elementor-post-type=\"jet-engine\">\n\t\t\t\t<div class=\"elementor-element elementor-element-4f91df1 e-flex e-con-boxed e-con e-parent\" data-id=\"4f91df1\" data-element_type=\"container\">\n\t\t\t\t\t<div class=\"e-con-inner\">\n\t\t<div class=\"elementor-element elementor-element-d2d8829 e-con-full e-flex e-con e-child\" data-id=\"d2d8829\" data-element_type=\"container\">\n\t\t<div class=\"elementor-element elementor-element-703e107 e-con-full e-flex e-con e-child\" data-id=\"703e107\" data-element_type=\"container\" data-settings=\"{&quot;background_background&quot;:&quot;classic&quot;}\">\n\t\t\t\t<div class=\"elementor-element elementor-element-b484296 elementor-widget-mobile__width-initial elementor-widget__width-initial elementor-widget elementor-widget-image\" data-id=\"b484296\" data-element_type=\"widget\" data-widget_type=\"image.default\">\n\t\t\t\t\t\t\t\t\t\t\t\t\t\t\t<img fetchpriority=\"high\" decoding=\"async\" width=\"512\" height=\"512\" src=\"https:\/\/aguasdejoinville.com.br\/novo\/wp-content\/uploads\/2025\/08\/cropped-faviconY.jpg\" class=\"attachment-large size-large wp-image-5851\" alt=\"\" srcset=\"https:\/\/aguasdejoinville.com.br\/novo\/wp-content\/uploads\/2025\/08\/cropped-faviconY.jpg 512w, https:\/\/aguasdejoinville.com.br\/novo\/wp-content\/uploads\/2025\/08\/cropped-faviconY-300x300.jpg 300w, https:\/\/aguasdejoinville.com.br\/novo\/wp-content\/uploads\/2025\/08\/cropped-faviconY-150x150.jpg 150w, https:\/\/aguasdejoinville.com.br\/novo\/wp-content\/uploads\/2025\/08\/cropped-faviconY-12x12.jpg 12w, https:\/\/aguasdejoinville.com.br\/novo\/wp-content\/uploads\/2025\/08\/cropped-faviconY-450x450.jpg 450w, https:\/\/aguasdejoinville.com.br\/novo\/wp-content\/uploads\/2025\/08\/cropped-faviconY-270x270.jpg 270w, https:\/\/aguasdejoinville.com.br\/novo\/wp-content\/uploads\/2025\/08\/cropped-faviconY-192x192.jpg 192w, https:\/\/aguasdejoinville.com.br\/novo\/wp-content\/uploads\/2025\/08\/cropped-faviconY-180x180.jpg 180w, https:\/\/aguasdejoinville.com.br\/novo\/wp-content\/uploads\/2025\/08\/cropped-faviconY-32x32.jpg 32w\" sizes=\"(max-width: 512px) 100vw, 512px\" \/>\t\t\t\t\t\t\t\t\t\t\t\t\t\t\t<\/div>\n\t\t<div class=\"elementor-element elementor-element-f29bcd8 e-con-full e-flex e-con e-child\" data-id=\"f29bcd8\" data-element_type=\"container\">\n\t\t\t\t<div class=\"elementor-element elementor-element-37f8c11 elementor-widget__width-initial elementor-widget elementor-widget-heading\" data-id=\"37f8c11\" data-element_type=\"widget\" data-widget_type=\"heading.default\">\n\t\t\t\t\t<h3 class=\"elementor-heading-title elementor-size-default\">Luiz Gustavo de Souza Prim<\/h3>\t\t\t\t<\/div>\n\t\t\t\t<\/div>\n\t\t\t\t<\/div>\n\t\t\t\t<div class=\"elementor-element elementor-element-0815cf6 elementor-widget elementor-widget-n-accordion\" data-id=\"0815cf6\" data-element_type=\"widget\" data-settings=\"{&quot;default_state&quot;:&quot;all_collapsed&quot;,&quot;max_items_expended&quot;:&quot;one&quot;,&quot;n_accordion_animation_duration&quot;:{&quot;unit&quot;:&quot;ms&quot;,&quot;size&quot;:400,&quot;sizes&quot;:[]}}\" data-widget_type=\"nested-accordion.default\">\n\t\t\t\t\t\t\t<div class=\"e-n-accordion\" aria-label=\"Accordion. Open links with Enter or Space, close with Escape, and navigate with Arrow Keys\">\n\t\t\t\t\t\t<details id=\"e-n-accordion-item-8470\" class=\"e-n-accordion-item\" >\n\t\t\t\t<summary class=\"e-n-accordion-item-title\" data-accordion-index=\"1\" tabindex=\"0\" aria-expanded=\"false\" aria-controls=\"e-n-accordion-item-8470\" >\n\t\t\t\t\t<span class='e-n-accordion-item-title-header'><div class=\"e-n-accordion-item-title-text\"> Curr\u00edculo <\/div><\/span>\n\t\t\t\t\t\t\t<span class='e-n-accordion-item-title-icon'>\n\t\t\t<span class='e-opened' ><svg aria-hidden=\"true\" class=\"e-font-icon-svg e-fas-minus\" viewBox=\"0 0 448 512\" xmlns=\"http:\/\/www.w3.org\/2000\/svg\"><path d=\"M416 208H32c-17.67 0-32 14.33-32 32v32c0 17.67 14.33 32 32 32h384c17.67 0 32-14.33 32-32v-32c0-17.67-14.33-32-32-32z\"><\/path><\/svg><\/span>\n\t\t\t<span class='e-closed'><svg aria-hidden=\"true\" class=\"e-font-icon-svg e-fas-plus\" viewBox=\"0 0 448 512\" xmlns=\"http:\/\/www.w3.org\/2000\/svg\"><path d=\"M416 208H272V64c0-17.67-14.33-32-32-32h-32c-17.67 0-32 14.33-32 32v144H32c-17.67 0-32 14.33-32 32v32c0 17.67 14.33 32 32 32h144v144c0 17.67 14.33 32 32 32h32c17.67 0 32-14.33 32-32V304h144c17.67 0 32-14.33 32-32v-32c0-17.67-14.33-32-32-32z\"><\/path><\/svg><\/span>\n\t\t<\/span>\n\n\t\t\t\t\t\t<\/summary>\n\t\t\t\t<div role=\"region\" aria-labelledby=\"e-n-accordion-item-8470\" class=\"elementor-element elementor-element-92b72f4 e-con-full e-flex e-con e-child\" data-id=\"92b72f4\" data-element_type=\"container\">\n\t\t\t\t<div class=\"elementor-element elementor-element-d15aaca elementor-widget elementor-widget-text-editor\" data-id=\"d15aaca\" data-element_type=\"widget\" data-widget_type=\"text-editor.default\">\n\t\t\t\t\t\t\t\t\t<p>Bacharel em Administra\u00e7\u00e3o de Empresas com \u00eanfase em Marketing pela\u00a0Faculdade Cenecista de Joinville (FCJ), Joinville\/SC.<\/p>\n<p>Atualmente, Diretor Executivo da Secretaria de Governo na Prefeitura Municipal de Joinville.<\/p>\n<p>Atuou na\u00a0Catarinense Pharma \/ Laborat\u00f3rio Catarinense S\/A (Joinville\/SC, de 01\/2004 a 06\/2020) nos cargos de\u00a0Assessor Executivo da Presid\u00eancia \/ Coordenador de Patrim\u00f4nio \/ Gerente<br \/>\nde Patrim\u00f4nio e SESMT;<\/p>\n<p>Desde 1995 atua como volunt\u00e1rio no Corpo de Bombeiros Volunt\u00e1rios de Joinville. Atualmente \u00e9 Subchefe do Grupo de Resgate Avan\u00e7ado.<\/p>\n<p><strong>Outras Informa\u00e7\u00f5es<\/strong><br \/>\n\u2013 Membro do CCSJ \u2013 Centro Comunit\u00e1rio de Seguran\u00e7a de Joinville;<br \/>\n\u2013 Vice-Presidente do Instituto For\u00e7a Empresarial para Emerg\u00eancias.<\/p>\n\t\t\t\t\t\t\t\t<\/div>\n\t\t\t\t<\/div>\n\t\t\t\t\t<\/details>\n\t\t\t\t\t<\/div>\n\t\t\t\t\t\t<\/div>\n\t\t\t\t<\/div>\n\t\t\t\t\t<\/div>\n\t\t\t\t<\/div>\n\t\t\t\t<\/div>\n\t\t<\/div><\/div><\/div>\t\t\t\t<\/div>\n\t\t\t\t\t<\/div>\n\t\t\t\t<\/div>\n\t\t\t\t<\/div>\n\t\t","protected":false},"excerpt":{"rendered":"<p>Tempo de mandato: Dois anos, sendo permitidas duas recondu\u00e7\u00f5es (de dois anos cada, totalizando at\u00e9 seis anos de mandato). Regimento interno do Comit\u00ea de Elegibilidade Membros Curr\u00edculo Curr\u00edculo<\/p>\n","protected":false},"author":1,"featured_media":0,"comment_status":"open","ping_status":"open","sticky":false,"template":"","format":"standard","meta":{"_acf_changed":false,"footnotes":""},"categories":[80],"tags":[],"class_list":["post-62214","post","type-post","status-publish","format-standard","category-conselhos-comites-e-diretoria"],"acf":[],"_links":{"self":[{"href":"https:\/\/aguasdejoinville.com.br\/novo\/wp-json\/wp\/v2\/posts\/62214","targetHints":{"allow":["GET"]}}],"collection":[{"href":"https:\/\/aguasdejoinville.com.br\/novo\/wp-json\/wp\/v2\/posts"}],"about":[{"href":"https:\/\/aguasdejoinville.com.br\/novo\/wp-json\/wp\/v2\/types\/post"}],"author":[{"embeddable":true,"href":"https:\/\/aguasdejoinville.com.br\/novo\/wp-json\/wp\/v2\/users\/1"}],"replies":[{"embeddable":true,"href":"https:\/\/aguasdejoinville.com.br\/novo\/wp-json\/wp\/v2\/comments?post=62214"}],"version-history":[{"count":31,"href":"https:\/\/aguasdejoinville.com.br\/novo\/wp-json\/wp\/v2\/posts\/62214\/revisions"}],"predecessor-version":[{"id":65077,"href":"https:\/\/aguasdejoinville.com.br\/novo\/wp-json\/wp\/v2\/posts\/62214\/revisions\/65077"}],"wp:attachment":[{"href":"https:\/\/aguasdejoinville.com.br\/novo\/wp-json\/wp\/v2\/media?parent=62214"}],"wp:term":[{"taxonomy":"category","embeddable":true,"href":"https:\/\/aguasdejoinville.com.br\/novo\/wp-json\/wp\/v2\/categories?post=62214"},{"taxonomy":"post_tag","embeddable":true,"href":"https:\/\/aguasdejoinville.com.br\/novo\/wp-json\/wp\/v2\/tags?post=62214"}],"curies":[{"name":"wp","href":"https:\/\/api.w.org\/{rel}","templated":true}]}}