{"id":64321,"date":"2026-03-11T09:26:45","date_gmt":"2026-03-11T12:26:45","guid":{"rendered":"https:\/\/www.aguasdejoinville.com.br\/novo\/?p=64321"},"modified":"2026-06-03T11:28:51","modified_gmt":"2026-06-03T14:28:51","slug":"sistema-de-abastecimento-e-tecnologia-na-medicao-de-agua","status":"publish","type":"post","link":"https:\/\/aguasdejoinville.com.br\/novo\/sistema-de-abastecimento-e-tecnologia-na-medicao-de-agua\/","title":{"rendered":"Sistema de Abastecimento e Tecnologia na Medi\u00e7\u00e3o de \u00c1gua"},"content":{"rendered":"\t\t<div data-elementor-type=\"wp-post\" data-elementor-id=\"64321\" class=\"elementor elementor-64321\" data-elementor-post-type=\"post\">\n\t\t\t\t<div class=\"elementor-element elementor-element-0ba2380 e-flex e-con-boxed e-con e-parent\" data-id=\"0ba2380\" data-element_type=\"container\">\n\t\t\t\t\t<div class=\"e-con-inner\">\n\t\t\t\t<div class=\"elementor-element elementor-element-e2c30fb elementor-widget elementor-widget-text-editor\" data-id=\"e2c30fb\" data-element_type=\"widget\" data-widget_type=\"text-editor.default\">\n\t\t\t\t\t\t\t\t\t<p><strong>Palestrante:<\/strong> Mauro Fernando Teodoro \u2013 Coordenador de Manuten\u00e7\u00e3o de Rede e Ramais.<\/p><p><strong>Conte\u00fado:<\/strong> Demonstra\u00e7\u00f5es dos consertos e das manuten\u00e7\u00f5es preventivas realizados em redes e ramais de \u00e1gua e esgoto; a\u00e7\u00f5es para evitar a contamina\u00e7\u00e3o do sistema de \u00e1gua durante a execu\u00e7\u00e3o dos consertos; trabalho executado em parceria com subprefeituras e empreiteiras, a fim de melhorar o desempenho na execu\u00e7\u00e3o dos servi\u00e7os que envolvem a \u00c1guas de Joinville e esses \u00f3rg\u00e3os.<\/p>\t\t\t\t\t\t\t\t<\/div>\n\t\t\t\t\t<\/div>\n\t\t\t\t<\/div>\n\t\t\t\t<\/div>\n\t\t","protected":false},"excerpt":{"rendered":"<p>Palestrante: Mauro Fernando Teodoro \u2013 Coordenador de Manuten\u00e7\u00e3o de Rede e Ramais. Conte\u00fado: Demonstra\u00e7\u00f5es dos consertos e das manuten\u00e7\u00f5es preventivas realizados em redes e ramais de \u00e1gua e esgoto; a\u00e7\u00f5es para evitar a contamina\u00e7\u00e3o do sistema de \u00e1gua durante a execu\u00e7\u00e3o dos consertos; trabalho executado em parceria com subprefeituras e empreiteiras, a fim de melhorar<\/p>\n","protected":false},"author":31,"featured_media":0,"comment_status":"open","ping_status":"open","sticky":false,"template":"","format":"standard","meta":{"_acf_changed":false,"footnotes":""},"categories":[86],"tags":[],"class_list":["post-64321","post","type-post","status-publish","format-standard","category-sustentabilidade"],"acf":[],"_links":{"self":[{"href":"https:\/\/aguasdejoinville.com.br\/novo\/wp-json\/wp\/v2\/posts\/64321","targetHints":{"allow":["GET"]}}],"collection":[{"href":"https:\/\/aguasdejoinville.com.br\/novo\/wp-json\/wp\/v2\/posts"}],"about":[{"href":"https:\/\/aguasdejoinville.com.br\/novo\/wp-json\/wp\/v2\/types\/post"}],"author":[{"embeddable":true,"href":"https:\/\/aguasdejoinville.com.br\/novo\/wp-json\/wp\/v2\/users\/31"}],"replies":[{"embeddable":true,"href":"https:\/\/aguasdejoinville.com.br\/novo\/wp-json\/wp\/v2\/comments?post=64321"}],"version-history":[{"count":7,"href":"https:\/\/aguasdejoinville.com.br\/novo\/wp-json\/wp\/v2\/posts\/64321\/revisions"}],"predecessor-version":[{"id":66063,"href":"https:\/\/aguasdejoinville.com.br\/novo\/wp-json\/wp\/v2\/posts\/64321\/revisions\/66063"}],"wp:attachment":[{"href":"https:\/\/aguasdejoinville.com.br\/novo\/wp-json\/wp\/v2\/media?parent=64321"}],"wp:term":[{"taxonomy":"category","embeddable":true,"href":"https:\/\/aguasdejoinville.com.br\/novo\/wp-json\/wp\/v2\/categories?post=64321"},{"taxonomy":"post_tag","embeddable":true,"href":"https:\/\/aguasdejoinville.com.br\/novo\/wp-json\/wp\/v2\/tags?post=64321"}],"curies":[{"name":"wp","href":"https:\/\/api.w.org\/{rel}","templated":true}]}}