{"id":64346,"date":"2026-03-11T09:36:18","date_gmt":"2026-03-11T12:36:18","guid":{"rendered":"https:\/\/www.aguasdejoinville.com.br\/novo\/?p=64346"},"modified":"2026-06-03T11:50:21","modified_gmt":"2026-06-03T14:50:21","slug":"a-gestao-de-riscos-e-o-meio-ambiente","status":"publish","type":"post","link":"https:\/\/aguasdejoinville.com.br\/novo\/a-gestao-de-riscos-e-o-meio-ambiente\/","title":{"rendered":"A\u00a0Gest\u00e3o de Riscos e o Meio Ambiente"},"content":{"rendered":"\t\t<div data-elementor-type=\"wp-post\" data-elementor-id=\"64346\" class=\"elementor elementor-64346\" data-elementor-post-type=\"post\">\n\t\t\t\t<div class=\"elementor-element elementor-element-4cd74e2 e-flex e-con-boxed e-con e-parent\" data-id=\"4cd74e2\" data-element_type=\"container\">\n\t\t\t\t\t<div class=\"e-con-inner\">\n\t\t\t\t<div class=\"elementor-element elementor-element-74da81e elementor-widget elementor-widget-text-editor\" data-id=\"74da81e\" data-element_type=\"widget\" data-widget_type=\"text-editor.default\">\n\t\t\t\t\t\t\t\t\t<p><strong>Palestrante:<\/strong> Thiago Zschornack, gerente de Governan\u00e7a, Riscos e Conformidade.<\/p><p><strong>Conte\u00fado:<\/strong> Import\u00e2ncia da gest\u00e3o de riscos para a preven\u00e7\u00e3o de acidentes e a minimiza\u00e7\u00e3o de preju\u00edzos decorrentes da ocorr\u00eancia de situa\u00e7\u00f5es adversas.<\/p>\t\t\t\t\t\t\t\t<\/div>\n\t\t\t\t\t<\/div>\n\t\t\t\t<\/div>\n\t\t\t\t<\/div>\n\t\t","protected":false},"excerpt":{"rendered":"<p>Palestrante: Thiago Zschornack, gerente de Governan\u00e7a, Riscos e Conformidade. Conte\u00fado: Import\u00e2ncia da gest\u00e3o de riscos para a preven\u00e7\u00e3o de acidentes e a minimiza\u00e7\u00e3o de preju\u00edzos decorrentes da ocorr\u00eancia de situa\u00e7\u00f5es adversas.<\/p>\n","protected":false},"author":31,"featured_media":0,"comment_status":"open","ping_status":"open","sticky":false,"template":"","format":"standard","meta":{"_acf_changed":false,"footnotes":""},"categories":[86],"tags":[],"class_list":["post-64346","post","type-post","status-publish","format-standard","category-sustentabilidade"],"acf":[],"_links":{"self":[{"href":"https:\/\/aguasdejoinville.com.br\/novo\/wp-json\/wp\/v2\/posts\/64346","targetHints":{"allow":["GET"]}}],"collection":[{"href":"https:\/\/aguasdejoinville.com.br\/novo\/wp-json\/wp\/v2\/posts"}],"about":[{"href":"https:\/\/aguasdejoinville.com.br\/novo\/wp-json\/wp\/v2\/types\/post"}],"author":[{"embeddable":true,"href":"https:\/\/aguasdejoinville.com.br\/novo\/wp-json\/wp\/v2\/users\/31"}],"replies":[{"embeddable":true,"href":"https:\/\/aguasdejoinville.com.br\/novo\/wp-json\/wp\/v2\/comments?post=64346"}],"version-history":[{"count":7,"href":"https:\/\/aguasdejoinville.com.br\/novo\/wp-json\/wp\/v2\/posts\/64346\/revisions"}],"predecessor-version":[{"id":66072,"href":"https:\/\/aguasdejoinville.com.br\/novo\/wp-json\/wp\/v2\/posts\/64346\/revisions\/66072"}],"wp:attachment":[{"href":"https:\/\/aguasdejoinville.com.br\/novo\/wp-json\/wp\/v2\/media?parent=64346"}],"wp:term":[{"taxonomy":"category","embeddable":true,"href":"https:\/\/aguasdejoinville.com.br\/novo\/wp-json\/wp\/v2\/categories?post=64346"},{"taxonomy":"post_tag","embeddable":true,"href":"https:\/\/aguasdejoinville.com.br\/novo\/wp-json\/wp\/v2\/tags?post=64346"}],"curies":[{"name":"wp","href":"https:\/\/api.w.org\/{rel}","templated":true}]}}