{"id":8388,"date":"2025-09-18T15:24:53","date_gmt":"2025-09-18T18:24:53","guid":{"rendered":"https:\/\/www.aguasdejoinville.com.br\/novo\/?p=8388"},"modified":"2026-08-24T16:59:34","modified_gmt":"2026-08-24T19:59:34","slug":"concurso-cultural-agua-para-sempre","status":"publish","type":"post","link":"https:\/\/aguasdejoinville.com.br\/novo\/concurso-cultural-agua-para-sempre\/","title":{"rendered":"Concurso Cultural \u00c1gua para Sempre"},"content":{"rendered":"\t\t<div data-elementor-type=\"wp-post\" data-elementor-id=\"8388\" class=\"elementor elementor-8388\" data-elementor-post-type=\"post\">\n\t\t\t\t<div class=\"elementor-element elementor-element-7f6cddd4 e-flex e-con-boxed e-con e-parent\" data-id=\"7f6cddd4\" data-element_type=\"container\">\n\t\t\t\t\t<div class=\"e-con-inner\">\n\t\t\t\t<div class=\"elementor-element elementor-element-3074a5b2 elementor-widget elementor-widget-text-editor\" data-id=\"3074a5b2\" data-element_type=\"widget\" data-widget_type=\"text-editor.default\">\n\t\t\t\t\t\t\t\t\t<div style=\"display: block; width: 100%; background: #e11d48; color: #fff; padding: 12px 16px; font-weight: 600; font-family: inherit; text-align: center; box-shadow: 0 2px 6px rgba(0,0,0,0.08);\">Inscri\u00e7\u00f5es encerradas<\/div>\n<div class=\"wp-block-buttons\">\u00a0<\/div>\n<p>Em 2025, a Companhia \u00c1guas de Joinville completa 20 anos de cria\u00e7\u00e3o. Para registrar esta marca, a \u00c1guas de Joinville promove a 1\u00aa edi\u00e7\u00e3o do\u00a0Concurso Cultural \u201c\u00c1gua para Sempre\u201d,\u00a0com o tema\u00a0\u201c20 anos de hist\u00f3ria para contar e um legado que vai ficar\u201d.<\/p>\n<!-- \/wp:paragraph --><!-- wp:paragraph -->\n<p>O concurso \u00e9 uma parceria com a Prefeitura Municipal de Joinville e tem o apoio da Secretaria de Cultura e Turismo \u2013 SECULT, Secretaria Municipal de Educa\u00e7\u00e3o \u2013 SED, Secretaria de Estado da Educa\u00e7\u00e3o \u2013 SDE, Academia de Letras do Brasil de Santa Catarina \u2013 Seccional de Joinville \u2013 ALBSC, Academia Joinvilense de Letras \u2013 AJL, Universidade da Regi\u00e3o de Joinville \u2013 Univille e Escola Sesi de Refer\u00eancia Joinville.<\/p>\n<!-- \/wp:paragraph --><!-- wp:paragraph -->\n<p>O Concurso Cultural \u201c\u00c1gua para Sempre\u201d visa selecionar e premiar trabalhos culturais, nas modalidades poema, teatro e v\u00eddeo, desenvolvidos por alunos da educa\u00e7\u00e3o infantil, ensino fundamental e ensino m\u00e9dio das escolas estaduais e municipais de Joinville.<\/p>\n<div class=\"wp-block-buttons\">\n<div class=\"wp-block-button\"><a class=\"wp-block-button__link wp-element-button\" href=\"https:\/\/www.aguasdejoinville.com.br\/novo\/publicacoes\/edital-1o-concurso-cultural-agua-para-sempre-2025\/\">EDITAL DO CONCURSO 2025<\/a><\/div>\n<\/div>\t\t\t\t\t\t\t\t<\/div>\n\t\t<div class=\"elementor-element elementor-element-b8a9422 e-con-full e-flex e-con e-child\" data-id=\"b8a9422\" data-element_type=\"container\">\n\t\t\t\t<div class=\"elementor-element elementor-element-0ea47e3 elementor-widget elementor-widget-jet-accordion\" data-id=\"0ea47e3\" data-element_type=\"widget\" data-widget_type=\"jet-accordion.default\">\n\t\t\t\t<div class=\"elementor-widget-container\">\n\t\t\t\t\t\t\t\t\t<div class=\"jet-accordion\" data-settings=\"{&quot;collapsible&quot;:false,&quot;ajaxTemplate&quot;:false,&quot;switchScrolling&quot;:false,&quot;switchScrollingOffset&quot;:0,&quot;switchScrollingDelay&quot;:500}\">\n\t\t\t<div class=\"jet-accordion__inner\">\n\t\t\t\t<div class=\" jet-accordion__item jet-toggle jet-toggle-move-up-effect \">\n\t\t\t\t\t\t\t<div id=\"jet-toggle-control-1531\" class=\"jet-toggle__control elementor-menu-anchor\" data-toggle=\"1\" role=\"button\" tabindex=\"0\" aria-controls=\"jet-toggle-content-1531\" aria-expanded=\"false\" data-template-id=\"false\">\n\t\t\t\t\t\t\t\t<div class=\"jet-toggle__label-icon jet-toggle-icon-position-left\"><span class=\"jet-toggle__icon icon-normal jet-tabs-icon\"><svg class=\"e-font-icon-svg e-fas-plus\" viewBox=\"0 0 448 512\" xmlns=\"http:\/\/www.w3.org\/2000\/svg\"><path d=\"M416 208H272V64c0-17.67-14.33-32-32-32h-32c-17.67 0-32 14.33-32 32v144H32c-17.67 0-32 14.33-32 32v32c0 17.67 14.33 32 32 32h144v144c0 17.67 14.33 32 32 32h32c17.67 0 32-14.33 32-32V304h144c17.67 0 32-14.33 32-32v-32c0-17.67-14.33-32-32-32z\"><\/path><\/svg><\/span><span class=\"jet-toggle__icon icon-active jet-tabs-icon\"><svg class=\"e-font-icon-svg e-fas-minus\" viewBox=\"0 0 448 512\" xmlns=\"http:\/\/www.w3.org\/2000\/svg\"><path d=\"M416 208H32c-17.67 0-32 14.33-32 32v32c0 17.67 14.33 32 32 32h384c17.67 0 32-14.33 32-32v-32c0-17.67-14.33-32-32-32z\"><\/path><\/svg><\/span><\/div><div class=\"jet-toggle__label-text\">Quem pode participar?<\/div>\t\t\t\t\t\t\t<\/div>\n\t\t\t\t\t\t\t<div id=\"jet-toggle-content-1531\" class=\"jet-toggle__content\" data-toggle=\"1\" role=\"region\" data-template-id=\"false\">\n\t\t\t\t\t\t\t\t<div class=\"jet-toggle__content-inner\"><p>Alunos da educa\u00e7\u00e3o infantil, ensino fundamental e ensino m\u00e9dio das escolas estaduais e municipais de Joinville.<\/p>\n<ul>\n<li>Os trabalhos art\u00edsticos dever\u00e3o estar alinhados com o tema \u201c20 anos de hist\u00f3ria para contar e um legado que vai ficar\u201c.<\/li>\n<li>Ser\u00e1 permitida a participa\u00e7\u00e3o de um mesmo aluno em mais de uma modalidade;<\/li>\n<li>O concurso ser\u00e1 dividido em 4 (quatro) categorias e 3 (tr\u00eas) modalidades, conforme segue abaixo:<\/li>\n<li>O concurso \u00e9 dividido em 04 (quatro) categorias:\n<ul>\n<li>Categoria A \u2013 Educa\u00e7\u00e3o Infantil \u2013 crian\u00e7as a partir de 03 anos;<\/li>\n<li>Categoria B \u2013 Ensino Fundamental \u2013 1\u00ba ao 5\u00ba ano;<\/li>\n<li>Categoria C \u2013 Ensino Fundamental \u2013 6\u00ba ao 9\u00ba ano;<\/li>\n<li>Categoria D \u2013 Ensino M\u00e9dio \u2013 1\u00aa a 3\u00aa s\u00e9ries.<\/li>\n<\/ul>\n<\/li>\n<li>Modalidade Teatro (categorias A, B e C);<\/li>\n<li>Modalidade V\u00eddeo (categoria D);<\/li>\n<li>Modalidade Poema\u00a0(categoria B, C e D).<\/li>\n<\/ul>\n<\/div>\n\t\t\t\t\t\t\t<\/div>\n\t\t\t\t\t\t<\/div><div class=\" jet-accordion__item jet-toggle jet-toggle-move-up-effect \">\n\t\t\t\t\t\t\t<div id=\"jet-toggle-control-1532\" class=\"jet-toggle__control elementor-menu-anchor\" data-toggle=\"2\" role=\"button\" tabindex=\"0\" aria-controls=\"jet-toggle-content-1532\" aria-expanded=\"false\" data-template-id=\"false\">\n\t\t\t\t\t\t\t\t<div class=\"jet-toggle__label-icon jet-toggle-icon-position-left\"><span class=\"jet-toggle__icon icon-normal jet-tabs-icon\"><svg class=\"e-font-icon-svg e-fas-plus\" viewBox=\"0 0 448 512\" xmlns=\"http:\/\/www.w3.org\/2000\/svg\"><path d=\"M416 208H272V64c0-17.67-14.33-32-32-32h-32c-17.67 0-32 14.33-32 32v144H32c-17.67 0-32 14.33-32 32v32c0 17.67 14.33 32 32 32h144v144c0 17.67 14.33 32 32 32h32c17.67 0 32-14.33 32-32V304h144c17.67 0 32-14.33 32-32v-32c0-17.67-14.33-32-32-32z\"><\/path><\/svg><\/span><span class=\"jet-toggle__icon icon-active jet-tabs-icon\"><svg class=\"e-font-icon-svg e-fas-minus\" viewBox=\"0 0 448 512\" xmlns=\"http:\/\/www.w3.org\/2000\/svg\"><path d=\"M416 208H32c-17.67 0-32 14.33-32 32v32c0 17.67 14.33 32 32 32h384c17.67 0 32-14.33 32-32v-32c0-17.67-14.33-32-32-32z\"><\/path><\/svg><\/span><\/div><div class=\"jet-toggle__label-text\">Como participar?<\/div>\t\t\t\t\t\t\t<\/div>\n\t\t\t\t\t\t\t<div id=\"jet-toggle-content-1532\" class=\"jet-toggle__content\" data-toggle=\"2\" role=\"region\" data-template-id=\"false\">\n\t\t\t\t\t\t\t\t<div class=\"jet-toggle__content-inner\"><p><strong>Site<\/strong><\/p>\n<ul>\n<li>Ler na \u00edntegra o edital do concurso cultural, dispon\u00edvel no site da \u00c1guas de Joinville;<\/li>\n<li>Fazer inscri\u00e7\u00e3o no link dispon\u00edvel no site da Companhia \u00c1guas de Joinville.<\/li>\n<li>Acompanhar o cronograma.<\/li>\n<\/ul>\n<\/div>\n\t\t\t\t\t\t\t<\/div>\n\t\t\t\t\t\t<\/div><div class=\" jet-accordion__item jet-toggle jet-toggle-move-up-effect \">\n\t\t\t\t\t\t\t<div id=\"jet-toggle-control-1533\" class=\"jet-toggle__control elementor-menu-anchor\" data-toggle=\"3\" role=\"button\" tabindex=\"0\" aria-controls=\"jet-toggle-content-1533\" aria-expanded=\"false\" data-template-id=\"false\">\n\t\t\t\t\t\t\t\t<div class=\"jet-toggle__label-icon jet-toggle-icon-position-left\"><span class=\"jet-toggle__icon icon-normal jet-tabs-icon\"><svg class=\"e-font-icon-svg e-fas-plus\" viewBox=\"0 0 448 512\" xmlns=\"http:\/\/www.w3.org\/2000\/svg\"><path d=\"M416 208H272V64c0-17.67-14.33-32-32-32h-32c-17.67 0-32 14.33-32 32v144H32c-17.67 0-32 14.33-32 32v32c0 17.67 14.33 32 32 32h144v144c0 17.67 14.33 32 32 32h32c17.67 0 32-14.33 32-32V304h144c17.67 0 32-14.33 32-32v-32c0-17.67-14.33-32-32-32z\"><\/path><\/svg><\/span><span class=\"jet-toggle__icon icon-active jet-tabs-icon\"><svg class=\"e-font-icon-svg e-fas-minus\" viewBox=\"0 0 448 512\" xmlns=\"http:\/\/www.w3.org\/2000\/svg\"><path d=\"M416 208H32c-17.67 0-32 14.33-32 32v32c0 17.67 14.33 32 32 32h384c17.67 0 32-14.33 32-32v-32c0-17.67-14.33-32-32-32z\"><\/path><\/svg><\/span><\/div><div class=\"jet-toggle__label-text\">Onde e quando fazer?<\/div>\t\t\t\t\t\t\t<\/div>\n\t\t\t\t\t\t\t<div id=\"jet-toggle-content-1533\" class=\"jet-toggle__content\" data-toggle=\"3\" role=\"region\" data-template-id=\"false\">\n\t\t\t\t\t\t\t\t<div class=\"jet-toggle__content-inner\"><table class=\"table aligncenter\">\n<thead>\n<tr>\n<th>Canal<\/th>\n<th>Onde<\/th>\n<th>Quando<\/th>\n<\/tr>\n<\/thead>\n<tbody>\n<tr id=\"presencial\">\n<td>Site<\/td>\n<td>Site Companhia \u00c1guas de Joinville<\/td>\n<td style=\"text-align: left\">Encerradas: Inscri\u00e7\u00f5es Concurso Cultural 2025<\/td>\n<\/tr>\n<\/tbody>\n<\/table>\n<\/div>\n\t\t\t\t\t\t\t<\/div>\n\t\t\t\t\t\t<\/div><div class=\" jet-accordion__item jet-toggle jet-toggle-move-up-effect \">\n\t\t\t\t\t\t\t<div id=\"jet-toggle-control-1534\" class=\"jet-toggle__control elementor-menu-anchor\" data-toggle=\"4\" role=\"button\" tabindex=\"0\" aria-controls=\"jet-toggle-content-1534\" aria-expanded=\"false\" data-template-id=\"false\">\n\t\t\t\t\t\t\t\t<div class=\"jet-toggle__label-icon jet-toggle-icon-position-left\"><span class=\"jet-toggle__icon icon-normal jet-tabs-icon\"><svg class=\"e-font-icon-svg e-fas-plus\" viewBox=\"0 0 448 512\" xmlns=\"http:\/\/www.w3.org\/2000\/svg\"><path d=\"M416 208H272V64c0-17.67-14.33-32-32-32h-32c-17.67 0-32 14.33-32 32v144H32c-17.67 0-32 14.33-32 32v32c0 17.67 14.33 32 32 32h144v144c0 17.67 14.33 32 32 32h32c17.67 0 32-14.33 32-32V304h144c17.67 0 32-14.33 32-32v-32c0-17.67-14.33-32-32-32z\"><\/path><\/svg><\/span><span class=\"jet-toggle__icon icon-active jet-tabs-icon\"><svg class=\"e-font-icon-svg e-fas-minus\" viewBox=\"0 0 448 512\" xmlns=\"http:\/\/www.w3.org\/2000\/svg\"><path d=\"M416 208H32c-17.67 0-32 14.33-32 32v32c0 17.67 14.33 32 32 32h384c17.67 0 32-14.33 32-32v-32c0-17.67-14.33-32-32-32z\"><\/path><\/svg><\/span><\/div><div class=\"jet-toggle__label-text\">Quanto custa?<\/div>\t\t\t\t\t\t\t<\/div>\n\t\t\t\t\t\t\t<div id=\"jet-toggle-content-1534\" class=\"jet-toggle__content\" data-toggle=\"4\" role=\"region\" data-template-id=\"false\">\n\t\t\t\t\t\t\t\t<div class=\"jet-toggle__content-inner\"><ul>\n<li>A inscri\u00e7\u00e3o no concurso, a participa\u00e7\u00e3o na oficina de capacita\u00e7\u00e3o e a consultoria s\u00e3o gratuitas.<\/li>\n<\/ul>\n<\/div>\n\t\t\t\t\t\t\t<\/div>\n\t\t\t\t\t\t<\/div><div class=\" jet-accordion__item jet-toggle jet-toggle-move-up-effect \">\n\t\t\t\t\t\t\t<div id=\"jet-toggle-control-1535\" class=\"jet-toggle__control elementor-menu-anchor\" data-toggle=\"5\" role=\"button\" tabindex=\"0\" aria-controls=\"jet-toggle-content-1535\" aria-expanded=\"false\" data-template-id=\"false\">\n\t\t\t\t\t\t\t\t<div class=\"jet-toggle__label-icon jet-toggle-icon-position-left\"><span class=\"jet-toggle__icon icon-normal jet-tabs-icon\"><svg class=\"e-font-icon-svg e-fas-plus\" viewBox=\"0 0 448 512\" xmlns=\"http:\/\/www.w3.org\/2000\/svg\"><path d=\"M416 208H272V64c0-17.67-14.33-32-32-32h-32c-17.67 0-32 14.33-32 32v144H32c-17.67 0-32 14.33-32 32v32c0 17.67 14.33 32 32 32h144v144c0 17.67 14.33 32 32 32h32c17.67 0 32-14.33 32-32V304h144c17.67 0 32-14.33 32-32v-32c0-17.67-14.33-32-32-32z\"><\/path><\/svg><\/span><span class=\"jet-toggle__icon icon-active jet-tabs-icon\"><svg class=\"e-font-icon-svg e-fas-minus\" viewBox=\"0 0 448 512\" xmlns=\"http:\/\/www.w3.org\/2000\/svg\"><path d=\"M416 208H32c-17.67 0-32 14.33-32 32v32c0 17.67 14.33 32 32 32h384c17.67 0 32-14.33 32-32v-32c0-17.67-14.33-32-32-32z\"><\/path><\/svg><\/span><\/div><div class=\"jet-toggle__label-text\">Qual o prazo?<\/div>\t\t\t\t\t\t\t<\/div>\n\t\t\t\t\t\t\t<div id=\"jet-toggle-content-1535\" class=\"jet-toggle__content\" data-toggle=\"5\" role=\"region\" data-template-id=\"false\">\n\t\t\t\t\t\t\t\t<div class=\"jet-toggle__content-inner\"><ul>\n<li>Das inscri\u00e7\u00f5es no concurso cultural at\u00e9 a entrega da premia\u00e7\u00e3o s\u00e3o aproximadamente 6 (seis) meses.<\/li>\n<\/ul>\n<p class=\"Texto_Justificado\"><strong>Cronograma<\/strong><\/p>\n<table border=\"1\" cellspacing=\"0\" cellpadding=\"0\">\n<tbody>\n<tr>\n<td>\n<p class=\"Texto_Justificado\"><strong>Data<\/strong><\/p>\n<\/td>\n<td>\n<p class=\"Texto_Justificado\"><strong>Atividade<\/strong><\/p>\n<\/td>\n<td>\n<p class=\"Texto_Justificado\"><strong>Local<\/strong><\/p>\n<\/td>\n<\/tr>\n<tr>\n<td>\n<p class=\"Texto_Justificado\"><span class=\"dark-mode-color-black\">21\/3\/2025<\/span><\/p>\n<\/td>\n<td>\n<p class=\"Texto_Justificado\"><span class=\"dark-mode-color-black\">Lan\u00e7amento do Concurso Cultural<\/span><\/p>\n<\/td>\n<td>\n<p class=\"Texto_Justificado\">SESI \u2013 Escola de Refer\u00eancia Joinville<\/p>\n<\/td>\n<\/tr>\n<tr>\n<td>\n<p class=\"Texto_Justificado\">21\/3\/2025 a 22\/4\/2025<\/p>\n<\/td>\n<td>\n<p class=\"Texto_Justificado\">Inscri\u00e7\u00f5es<\/p>\n<\/td>\n<td>\n<p class=\"Texto_Justificado\">Formul\u00e1rio on-line: Inscri\u00e7\u00f5es encerradas<\/p>\n<\/td>\n<\/tr>\n<tr>\n<td>\n<p class=\"Texto_Justificado\">30\/4\/2025\u00a0das 15h \u00e0s 16h30<\/p>\n<\/td>\n<td>\n<p class=\"Texto_Justificado\">Oficina de capacita\u00e7\u00e3o sobre saneamento<\/p>\n<\/td>\n<td>\n<p class=\"Texto_Justificado\">Audit\u00f3rio da sede administrativa da CAJ \u2013<\/p>\n<p class=\"Texto_Justificado\">R. Quinze de Novembro, 3950 \u2013 Gl\u00f3ria<\/p>\n<\/td>\n<\/tr>\n<tr>\n<td>\n<p class=\"Texto_Justificado\">7\/5\/2025\u00a0 \u2013 9h<\/p>\n<\/td>\n<td>\n<p class=\"Texto_Justificado\">Visita\u00a0presencial\u00a0\u00e0 Esta\u00e7\u00e3o de Tratamento de Esgoto \u2013 ETE<\/p>\n<\/td>\n<td>\n<p class=\"Texto_Justificado\">8h30\u00a0sa\u00edda da sede administrativa da Companhia \u00c1guas de Joinville (CAJ) R. Quinze de Novembro, 3950 \u2013 Gl\u00f3ria<\/p>\n<\/td>\n<\/tr>\n<tr>\n<td>\n<p class=\"Texto_Justificado\">Entre os dias 9\/6\/2025 e 8\/9\/2025<\/p>\n<\/td>\n<td>\n<p class=\"Texto_Justificado\">Consultoria on-line<\/p>\n<\/td>\n<td>\n<p class=\"Texto_Justificado\">Ocorre com as\u00a0escolas inscritas, conforme agendamento pr\u00e9vio<\/p>\n<\/td>\n<\/tr>\n<tr>\n<td>\n<p class=\"Texto_Justificado\">Entre os dias 4 e 8\/8\/2025<\/p>\n<\/td>\n<td>\n<p class=\"Texto_Justificado\">Envio dos v\u00eddeos e\u00a0poemas<\/p>\n<\/td>\n<td>\n<p class=\"Texto_Justificado\">Via formul\u00e1rio pr\u00f3prio on-line a ser disponibilizado<\/p>\n<\/td>\n<\/tr>\n<tr>\n<td>\n<p class=\"Texto_Justificado\">Entre os dias 4 e 8\/8\/2025<\/p>\n<\/td>\n<td>\n<p class=\"Texto_Justificado\">Envio dos portf\u00f3lios da modalidade V\u00cdDEO e POEMA (opcional)<\/p>\n<\/td>\n<td>\n<p class=\"Texto_Justificado\">Via formul\u00e1rio\u00a0pr\u00f3prio on-line a ser disponibilizado<\/p>\n<\/td>\n<\/tr>\n<tr>\n<td>\n<p class=\"Texto_Justificado\">Entre os dias 8 e 12\/9\/2025<\/p>\n<\/td>\n<td>\n<p class=\"Texto_Justificado\">Entrega dos portf\u00f3lios da modalidade TEATRO (opcional)<\/p>\n<\/td>\n<td>\n<p class=\"Texto_Justificado\">Via formul\u00e1rio\u00a0pr\u00f3prio on-line a ser disponibilizado<\/p>\n<\/td>\n<\/tr>\n<tr>\n<td>\n<p class=\"Texto_Justificado\">Entre os dias 16 e\u00a018\/9\/2025<\/p>\n<\/td>\n<td>\n<p class=\"Texto_Justificado\"><span class=\"dark-mode-color-black\">Eliminat\u00f3rias Teatro<\/span><\/p>\n<\/td>\n<td>\n<p class=\"Texto_Justificado\">Teatro Juarez Machado<\/p>\n<\/td>\n<\/tr>\n<tr>\n<td>\n<p class=\"Texto_Justificado\">24\/9\/2025<\/p>\n<\/td>\n<td>\n<p class=\"Texto_Justificado\">Divulga\u00e7\u00e3o dos Resultados e Notas do Portf\u00f3lio<\/p>\n<\/td>\n<td>\n<p class=\"Texto_Justificado\">Via WhatsApp e nos canais oficiais on-line da CAJ<\/p>\n<\/td>\n<\/tr>\n<tr>\n<td>\n<p class=\"Texto_Justificado\">30\/9\/2025<\/p>\n<\/td>\n<td>\n<p class=\"Texto_Justificado\"><span class=\"dark-mode-color-black\">Dia dos Campe\u00f5es<\/span><\/p>\n<\/td>\n<td>\n<p class=\"Texto_Justificado\"><span class=\"dark-mode-color-black\">Teatro Juarez Machado<\/span><\/p>\n<\/td>\n<\/tr>\n<\/tbody>\n<\/table>\n<\/div>\n\t\t\t\t\t\t\t<\/div>\n\t\t\t\t\t\t<\/div><div class=\" jet-accordion__item jet-toggle jet-toggle-move-up-effect \">\n\t\t\t\t\t\t\t<div id=\"jet-toggle-control-1536\" class=\"jet-toggle__control elementor-menu-anchor\" data-toggle=\"6\" role=\"button\" tabindex=\"0\" aria-controls=\"jet-toggle-content-1536\" aria-expanded=\"false\" data-template-id=\"false\">\n\t\t\t\t\t\t\t\t<div class=\"jet-toggle__label-icon jet-toggle-icon-position-left\"><span class=\"jet-toggle__icon icon-normal jet-tabs-icon\"><svg class=\"e-font-icon-svg e-fas-plus\" viewBox=\"0 0 448 512\" xmlns=\"http:\/\/www.w3.org\/2000\/svg\"><path d=\"M416 208H272V64c0-17.67-14.33-32-32-32h-32c-17.67 0-32 14.33-32 32v144H32c-17.67 0-32 14.33-32 32v32c0 17.67 14.33 32 32 32h144v144c0 17.67 14.33 32 32 32h32c17.67 0 32-14.33 32-32V304h144c17.67 0 32-14.33 32-32v-32c0-17.67-14.33-32-32-32z\"><\/path><\/svg><\/span><span class=\"jet-toggle__icon icon-active jet-tabs-icon\"><svg class=\"e-font-icon-svg e-fas-minus\" viewBox=\"0 0 448 512\" xmlns=\"http:\/\/www.w3.org\/2000\/svg\"><path d=\"M416 208H32c-17.67 0-32 14.33-32 32v32c0 17.67 14.33 32 32 32h384c17.67 0 32-14.33 32-32v-32c0-17.67-14.33-32-32-32z\"><\/path><\/svg><\/span><\/div><div class=\"jet-toggle__label-text\">Como funciona?<\/div>\t\t\t\t\t\t\t<\/div>\n\t\t\t\t\t\t\t<div id=\"jet-toggle-content-1536\" class=\"jet-toggle__content\" data-toggle=\"6\" role=\"region\" data-template-id=\"false\">\n\t\t\t\t\t\t\t\t<div class=\"jet-toggle__content-inner\"><ol>\n<li><strong>Edital:\u00a0<\/strong>O(a) professor(a) da turma, orientador(a) ou diretor(a) interessado(a) na participa\u00e7\u00e3o de seus alunos no concurso cultural deve ler na \u00edntegra o edital, dispon\u00edvel neste site a partir do lan\u00e7amento do concurso;<\/li>\n<li><strong>Inscri\u00e7\u00e3o:<\/strong>\u00a0Assim que o edital \u00e9 lan\u00e7ado, um link para inscri\u00e7\u00e3o \u00e9 disponibilizado no site da \u00c1guas de Joinville. O respons\u00e1vel, ent\u00e3o, deve realizar a inscri\u00e7\u00e3o da turma que participar\u00e1 da elabora\u00e7\u00e3o da pe\u00e7a;<\/li>\n<li><strong>Oficina de capacita\u00e7\u00e3o:<\/strong>\u00a0 Oficina de capacita\u00e7\u00e3o sobre saneamento oferecida, gratuitamente, pela \u00c1guas de Joinville aos professores coordenadores inscritos. A participa\u00e7\u00e3o na oficina n\u00e3o \u00e9 obrigat\u00f3ria;<\/li>\n<li><strong>Consultoria on-line:\u00a0<\/strong>Um profissional contratado pela Companhia \u00c1guas de Joinville far\u00e1 consultoria junto \u00e0s escolas inscritas para analisar pontos fortes e fracos e tirar d\u00favidas;<\/li>\n<li><strong>Portf\u00f3lio:<\/strong>\u00a0O portf\u00f3lio ser\u00e1 uma cole\u00e7\u00e3o de todo o trabalho realizado na Escola e\/ou CEI, durante a elabora\u00e7\u00e3o do trabalho art\u00edstico escolhido. Neste material, dever\u00e3o ser registradas as etapas do desenvolvimento do trabalho art\u00edstico atrav\u00e9s de fotos e textos. A nota do portf\u00f3lio ser\u00e1 utilizada apenas como crit\u00e9rio de desempate, ficando \u00e0 escolha da escola faz\u00ea-lo ou n\u00e3o;<\/li>\n<li><strong>Semana de eliminat\u00f3rias:\u00a0<\/strong>\u00c9 o per\u00edodo em que todos os grupos concorrentes realizam suas apresenta\u00e7\u00f5es no palco de um teatro da cidade, sob o crivo de uma comiss\u00e3o julgadora. O transporte para o deslocamento dos grupos inscritos, das\u00a0escolas e\/ou CEIs at\u00e9 o local do evento, bem como seu retorno,\u00a0\u00e9 fornecido pela Companhia \u00c1guas de Joinville;<\/li>\n<li><strong>Resultado:<\/strong>\u00a0A divulga\u00e7\u00e3o\u00a0dos vencedores do concurso definidos pela comiss\u00e3o julgadora \u00e9 realizada pela Companhia \u00c1guas de Joinville,\u00a0via site\u00a0e m\u00eddias sociais;<\/li>\n<li><strong>Dia dos Campe\u00f5es:<\/strong>\u00a0Os primeiros, segundos e terceiros lugares de cada categoria (A, B e C) apresentam novamente as pe\u00e7as teatrais vencedoras;<\/li>\n<li><strong>Premia\u00e7\u00e3o:<\/strong>\u00a0Alunos, professores e\u00a0as escolas campe\u00e3s recebem\u00a0seus respectivos pr\u00eamios, definidos em edital.<\/li>\n<\/ol>\n<\/div>\n\t\t\t\t\t\t\t<\/div>\n\t\t\t\t\t\t<\/div>\t\t\t<\/div>\n\t\t<\/div>\n\t\t\t\t\t\t<\/div>\n\t\t\t\t<\/div>\n\t\t\t\t<\/div>\n\t\t\t\t\t<\/div>\n\t\t\t\t<\/div>\n\t\t\t\t<\/div>\n\t\t","protected":false},"excerpt":{"rendered":"<p>Inscri\u00e7\u00f5es encerradas \u00a0 Em 2025, a Companhia \u00c1guas de Joinville completa 20 anos de cria\u00e7\u00e3o. Para registrar esta marca, a \u00c1guas de Joinville promove a 1\u00aa edi\u00e7\u00e3o do\u00a0Concurso Cultural \u201c\u00c1gua para Sempre\u201d,\u00a0com o tema\u00a0\u201c20 anos de hist\u00f3ria para contar e um legado que vai ficar\u201d. O concurso \u00e9 uma parceria com a Prefeitura Municipal de<\/p>\n","protected":false},"author":1,"featured_media":63376,"comment_status":"open","ping_status":"open","sticky":false,"template":"","format":"standard","meta":{"_acf_changed":false,"footnotes":""},"categories":[87],"tags":[],"class_list":["post-8388","post","type-post","status-publish","format-standard","has-post-thumbnail","category-educacao-ambiental"],"acf":[],"_links":{"self":[{"href":"https:\/\/aguasdejoinville.com.br\/novo\/wp-json\/wp\/v2\/posts\/8388","targetHints":{"allow":["GET"]}}],"collection":[{"href":"https:\/\/aguasdejoinville.com.br\/novo\/wp-json\/wp\/v2\/posts"}],"about":[{"href":"https:\/\/aguasdejoinville.com.br\/novo\/wp-json\/wp\/v2\/types\/post"}],"author":[{"embeddable":true,"href":"https:\/\/aguasdejoinville.com.br\/novo\/wp-json\/wp\/v2\/users\/1"}],"replies":[{"embeddable":true,"href":"https:\/\/aguasdejoinville.com.br\/novo\/wp-json\/wp\/v2\/comments?post=8388"}],"version-history":[{"count":34,"href":"https:\/\/aguasdejoinville.com.br\/novo\/wp-json\/wp\/v2\/posts\/8388\/revisions"}],"predecessor-version":[{"id":66683,"href":"https:\/\/aguasdejoinville.com.br\/novo\/wp-json\/wp\/v2\/posts\/8388\/revisions\/66683"}],"wp:featuredmedia":[{"embeddable":true,"href":"https:\/\/aguasdejoinville.com.br\/novo\/wp-json\/wp\/v2\/media\/63376"}],"wp:attachment":[{"href":"https:\/\/aguasdejoinville.com.br\/novo\/wp-json\/wp\/v2\/media?parent=8388"}],"wp:term":[{"taxonomy":"category","embeddable":true,"href":"https:\/\/aguasdejoinville.com.br\/novo\/wp-json\/wp\/v2\/categories?post=8388"},{"taxonomy":"post_tag","embeddable":true,"href":"https:\/\/aguasdejoinville.com.br\/novo\/wp-json\/wp\/v2\/tags?post=8388"}],"curies":[{"name":"wp","href":"https:\/\/api.w.org\/{rel}","templated":true}]}}